{"id":1075,"date":"2012-02-26T12:49:20","date_gmt":"2012-02-26T12:49:20","guid":{"rendered":"http:\/\/globalenachbarn.org\/?p=1075"},"modified":"2016-11-14T11:51:33","modified_gmt":"2016-11-14T11:51:33","slug":"jahresbericht-vorstand-2011","status":"publish","type":"post","link":"https:\/\/globalenachbarn.org\/?p=1075","title":{"rendered":"Jahresbericht Vorstand 2011"},"content":{"rendered":"<h2>Jahresbericht 2011 des Vorstandes von Globale Nachbarschaft e.V.<\/h2>\n<p>Dieser Bericht beschreibt die wesentlichen gesch\u00e4ftlichen T\u00e4tigkeiten des Jahres 2011, die der erweiterte Vorstand, bestehend aus Guido Hinz (Vorsitzender), Maria B\u00fcscher (stellvertretende Vorsitzende) und Frauke Kl\u00f6ser (Kassenf\u00fchrerin), im Auftrag der Mitgliederversammlung durchgef\u00fchrt hat. Er wird erg\u00e4nzt durch die Aufstellung der Einnahmen und Ausgaben f\u00fcr das Jahr 2011 und die Bilanz der Buchungskonten.<\/p>\n<p><!--more--><\/p>\n<h2>F\u00f6rderung von Projekten in Sobradinho &#8211; BA, Brasilien<\/h2>\n<h3>Kindertagesst\u00e4tte Gente Valente (CGV)<\/h3>\n<p>Die schon 2010 geplante Anschaffung neuer K\u00fchlger\u00e4te f\u00fcr die Versorgung der Kinder konnte GN in diesem Jahr mit 2.650\u20ac f\u00f6rdern. Die Einrichtung ist nun besser in der Lage, den Vorrat an Lebensmitteln einzuteilen, insbesondere Beitr\u00e4ge in Form von Naturalien von Eltern und Produktionsgenossenschaften.<\/p>\n<p>Au\u00dferdem hoffen wir, die Energiekosten der Einrichtung zu reduzieren, denn die bisherigen Ger\u00e4te hatten nach teilweise \u00fcber 20 Jahren Betrieb einen hohen Stromverbrauch.<\/p>\n<p>F\u00fcr die allgemeinen Kosten der Kindertagesst\u00e4tte (siehe Tabelle) hat GN in diesem Jahr wieder 2.500\u20ac Zuschuss gegeben. Dies deckte etwas mehr als die H\u00e4lfte der Ausgaben.<\/p>\n<p>Zus\u00e4tzlich musste die Einrichtung noch ca. 1.500\u20ac aufbringen, um die Ern\u00e4hrung der Kinder zu erg\u00e4nzen. Wegen Unstimmigkeiten in der kommunalen Verwaltung standen auch in diesem Jahr die Gelder aus Brasilia, die f\u00fcr die Speisung in Schulen und Kinderg\u00e4rten vorgesehen sind, nicht zur Verf\u00fcgung. F\u00fcr 2012 hat die Leitung der FAB es erreicht, dass die Kinder des CGV wieder im staatlichen Programm der Schulspeisung registriert sind. Dies hat allerdings zur Folge, dass innerhalb des n\u00e4chsten Jahres mit einem Inspektionsbesuch durch die Beh\u00f6rde aus Salvador zu rechnen ist. Dabei pr\u00fcft die Beh\u00f6rde, ob die Einrichtung f\u00fcr alle Kinder geeignete Bedingungen bietet. F\u00fcr die Grundschulkinder im Alter von 6 bis 10 Jahren (Hort-Gruppen) fehlen aber entsprechende Gruppenr\u00e4ume. Zurzeit werden die Gruppen im Speiseraum und im Patio, dem \u00fcberdachten Innenhof, untergebracht. Der Bedarf an R\u00e4umen ist seit L\u00e4ngerem bekannt und wir haben ihn in der langfristigen Planung ber\u00fccksichtigt, die wir 2007 mit der FUNANB aufgestellt und im Verein diskutiert haben (siehe Protokoll vom Oktober 2007). Der Neubau f\u00fcr die Gruppenr\u00e4ume auf dem zurzeit ungenutzten Teil des Grundst\u00fccks ist der dritte und letzte Abschnitt f\u00fcr den damals geplanten Ausbau der Einrichtung. Die Umsetzung des gesamten Planes hat aus finanziellen und organisatorischen Gr\u00fcnden l\u00e4nger gedauert, als damals mit vier bis f\u00fcnf Jahren veranschlagt wurde. Anfang 2012 wird dieser dritte Bauabschnitt begonnen, wof\u00fcr GN bereits 2011 einen Vorschuss von 3.000\u20ac \u00fcberwiesen hat, damit die Beschaffung von Baumaterial sich nicht verz\u00f6gert.<\/p>\n<p>Die Gesamtkosten f\u00fcr den zweigeschossigen Neubau mit drei Gruppenr\u00e4umen und weiterem Lager- und B\u00fcroraum belaufen sich auf ca. 30.000\u20ac. In welcher Zeit die gesamten finanziellen Mittel f\u00fcr das Vorhaben aufgebracht werden k\u00f6nnen, steht noch nicht fest, da der Beitrag der Pr\u00e4fektur von Sobradinho in Form von Arbeitskr\u00e4ften und Bauger\u00e4ten unsicher ist. Klar ist zum gegenw\u00e4rtigen Zeitpunkt, dass die untere Etage mit den kurzfristig verf\u00fcgbaren Mitteln von GN und SOV (Stichting in Veere, NL) errichtet werden kann. Wenn die FAB zumindest diesen Bauabschnitt im Jahr 2012 fertigstellt, k\u00f6nnen die Hort-Gruppen die neuen R\u00e4ume zum Teil nutzen, sodass die Beh\u00f6rde dem weiteren Betrieb zustimmen und einen Aufschub f\u00fcr die vollst\u00e4ndige Erf\u00fcllung der Auflagen gew\u00e4hren wird. Zwischen GN und SOV besteht eine Absprache, die Kosten etwa zu gleichen Teilen zu finanzieren. GN wird 2012 mindestens noch weitere 3.000\u20ac f\u00fcr den Bau zur Verf\u00fcgung stellen, wozu die gebildete R\u00fccklage von 323,10\u20ac einen Beitrag leistet.<\/p>\n<h4>Allgemeine Kosten CGV 2011<\/h4>\n<p>Arbeitsmaterial f\u00fcr Gruppen \u00a0 \u00a0 \u00a0 \u00a0 \u00a0 \u00a0 \u00a0 \u00a0 \u00a0 \u00a0 \u00a0 \u00a0 R$\u00a0\u00a0 655,80\u00a0\u00a0\u00a0\u00a0\u00a0\u00a0\u00a0\u00a0\u00a0\u00a0\u00a0\u00a0\u00a0\u00a0 \u00a0 279,06 \u20ac<\/p>\n<p>Kleidung f\u00fcr die Kinder \u00a0 \u00a0 \u00a0 \u00a0 \u00a0 \u00a0 \u00a0 \u00a0 \u00a0 \u00a0 \u00a0 \u00a0 \u00a0 \u00a0 \u00a0 R$ 1.287,00 \u00a0 \u00a0 \u00a0 \u00a0 \u00a0 \u00a0\u00a0\u00a0\u00a0 547,66 \u20ac<\/p>\n<p>Wasser\u00a0\u00a0\u00a0\u00a0\u00a0\u00a0\u00a0\u00a0\u00a0\u00a0\u00a0\u00a0\u00a0\u00a0\u00a0\u00a0\u00a0\u00a0\u00a0\u00a0\u00a0\u00a0\u00a0\u00a0\u00a0\u00a0\u00a0\u00a0\u00a0\u00a0\u00a0\u00a0\u00a0\u00a0\u00a0\u00a0\u00a0\u00a0\u00a0\u00a0\u00a0\u00a0\u00a0\u00a0\u00a0\u00a0\u00a0\u00a0\u00a0 \u00a0 \u00a0\u00a0 \u00a0\u00a0 R$\u00a0\u00a0 294,68\u00a0\u00a0\u00a0\u00a0\u00a0\u00a0\u00a0\u00a0\u00a0\u00a0\u00a0\u00a0\u00a0\u00a0\u00a0\u00a0 125,40 \u20ac<\/p>\n<p>Strom \u00a0 \u00a0 \u00a0 \u00a0 \u00a0 \u00a0 \u00a0 \u00a0 \u00a0 \u00a0 \u00a0 \u00a0 \u00a0 \u00a0 \u00a0 \u00a0 \u00a0 \u00a0 \u00a0 \u00a0 \u00a0 \u00a0 \u00a0 \u00a0 \u00a0 \u00a0 \u00a0 \u00a0 \u00a0\u00a0 R$ 3.748,53\u00a0\u00a0\u00a0\u00a0\u00a0\u00a0\u00a0\u00a0\u00a0 \u00a0\u00a0 1.595,12 \u20ac<\/p>\n<p>Gas\u00a0\u00a0\u00a0\u00a0\u00a0\u00a0\u00a0\u00a0\u00a0\u00a0\u00a0\u00a0\u00a0\u00a0\u00a0\u00a0\u00a0\u00a0\u00a0\u00a0\u00a0\u00a0\u00a0\u00a0\u00a0\u00a0\u00a0\u00a0\u00a0\u00a0\u00a0\u00a0\u00a0\u00a0\u00a0\u00a0\u00a0\u00a0\u00a0\u00a0\u00a0\u00a0\u00a0\u00a0\u00a0\u00a0\u00a0\u00a0\u00a0\u00a0\u00a0\u00a0\u00a0\u00a0 \u00a0 \u00a0\u00a0 \u00a0\u00a0 R$ 2.797,00 \u00a0 \u00a0 \u00a0 \u00a0 \u00a0 \u00a0 1.190,21 \u20ac<\/p>\n<p>Telefon\u00a0\u00a0\u00a0\u00a0\u00a0\u00a0\u00a0\u00a0\u00a0\u00a0\u00a0\u00a0\u00a0\u00a0\u00a0\u00a0\u00a0\u00a0\u00a0\u00a0\u00a0\u00a0\u00a0\u00a0\u00a0\u00a0\u00a0\u00a0\u00a0\u00a0\u00a0\u00a0\u00a0\u00a0\u00a0\u00a0\u00a0\u00a0\u00a0\u00a0\u00a0\u00a0\u00a0\u00a0\u00a0\u00a0\u00a0\u00a0\u00a0\u00a0\u00a0\u00a0 \u00a0\u00a0\u00a0 R$\u00a0\u00a0\u00a0 495,92\u00a0\u00a0\u00a0\u00a0\u00a0\u00a0\u00a0\u00a0\u00a0\u00a0 \u00a0\u00a0 \u00a0 211,03 \u20ac<\/p>\n<p>Summe\u00a0\u00a0\u00a0\u00a0\u00a0\u00a0\u00a0\u00a0\u00a0\u00a0\u00a0\u00a0\u00a0\u00a0\u00a0\u00a0\u00a0\u00a0\u00a0\u00a0\u00a0\u00a0\u00a0\u00a0\u00a0\u00a0\u00a0\u00a0\u00a0\u00a0\u00a0\u00a0\u00a0\u00a0\u00a0\u00a0\u00a0\u00a0\u00a0\u00a0\u00a0\u00a0\u00a0\u00a0\u00a0\u00a0\u00a0\u00a0\u00a0\u00a0\u00a0 \u00a0 \u00a0\u00a0 RS 9.278,93\u00a0\u00a0\u00a0\u00a0\u00a0\u00a0\u00a0\u00a0\u00a0 \u00a0\u00a0 3.948,48 \u20ac<\/p>\n<h3>Jugendzentrum Casa Antonita<\/h3>\n<p>Das Tagesheim f\u00fcr M\u00e4dchen, \u201eCasa das Adolescentes Antonita\u201c (CAA), betreute 2011 knapp 30 M\u00e4dchen im Alter von 11 bis 17 Jahren. GN unterst\u00fctzte die von der FAB getragene Einrichtung bei den allgemeinen Kosten (Wasser, Verbrauchsmaterial, Material f\u00fcr Werkst\u00e4tten, K\u00fcche) und beim Unterhalt des Computerraumes einschlie\u00dflich Internet-Anschluss. Der Anfang 2011 neu eingerichtete Anschluss an das Internet mit einer speziellen Antenne und einem neuen Anbieter funktionierte w\u00e4hrend des ganzen Jahres zuverl\u00e4ssig und mit akzeptabler Geschwindigkeit. Dies kam der Fortbildung der M\u00e4dchen sehr zugute. Ein neuer Schwerpunkt bei den handwerklichen Aktivit\u00e4ten der M\u00e4dchen lag auf dem Herstellen von Reinigungsmitteln aus einfachen Rohstoffen, was sehr erfolgreich verlief. Beide Einrichtungen (CAA und CGV) konnten dadurch ihre Kosten f\u00fcr Reinigungsmaterial verringern und \u00dcbersch\u00fcsse an Dritte verkaufen. Hinzu kam in diesem Jahr ein Betrag f\u00fcr dringend n\u00f6tige Renovierungs- und Reparaturarbeiten am Haus, weil das Dach an einigen Stellen undicht war und der Putz sich teilweise von den W\u00e4nden l\u00f6ste. Insgesamt hat die CAA daf\u00fcr ca. 710\u20ac aufgewendet, zum Teil aus den GN-Mitteln f\u00fcr allgemeine Kosten.<\/p>\n<p>F\u00fcr die Ern\u00e4hrung der M\u00e4dchen hat GN 2011 an die FAB 2.000\u20ac Euro \u00fcberwiesen. Die tats\u00e4chlichen Ausgaben daf\u00fcr lagen bei knapp 2.900\u20ac. Diese hat die CAA zum Teil aus Mitteln der brasilianischen Organisation SEIAS (geh\u00f6rt zum Orden der T\u00f6chter Jesu) und zum Teil aus den GN-Mitteln f\u00fcr allgemeine Kosten bestritten. Ein Zuschuss in \u00e4hnlicher H\u00f6he wird auch 2012 anfallen und zum Teil schon im M\u00e4rz ausgezahlt. Diesem Zweck dient eine R\u00fccklage in H\u00f6he von 1.000,00\u20ac.<\/p>\n<p>Die prek\u00e4ren Bedingungen in den sanit\u00e4ren Anlagen und der K\u00fcche der CAA konnten leider 2011 nicht verbessert werden, da die Pr\u00e4fektur ihre im Oktober 2009 gegebene Zusage immer noch nicht umgesetzt hat. Es ist wegen der im Oktober 2012 anstehenden Kommunalwahlen eher unwahrscheinlich, dass die Pr\u00e4fektur im Jahr 2012 in dieser Hinsicht etwas unternehmen wird. Wir m\u00fcssen uns darauf einstellen, die dringend notwendigen Umbauten in einer minimalen L\u00f6sung ganz aus eigenen Mitteln zu finanzieren. Diesem Zweck und dem allgemeinen Unterhalt der Einrichtung dient die R\u00fccklage in H\u00f6he von 448,81\u20ac.<\/p>\n<h3>Stiftung Antonita Bandres (FAB)<\/h3>\n<p>Als gemeinn\u00fctzige Stiftung ist die FAB zu einer ausf\u00fchrlichen Buchf\u00fchrung verpflichtet, f\u00fcr die sie professionelle Dienstleistungen ben\u00f6tigt. Zusammen mit den Kosten f\u00fcr Kontof\u00fchrung ergab das 2011 Ausgaben in H\u00f6he von 490\u20ac. Hinzu kamen noch gut 190\u20ac f\u00fcr Geb\u00fchren, Steuern und beh\u00f6rdliche Dokumente. F\u00fcr diese Kosten gab GN einen Zuschuss in H\u00f6he von 500\u20ac.<\/p>\n<h3>B\u00fcrgerradio und Computer-B\u00fcrgerzentrum des Vereins f\u00fcr gemeinschaftliche Kommunikation in Sobradinho (ACCS)<\/h3>\n<p>Nachdem wir das Projekt des B\u00fcrgerradios praktisch aufgegeben hatten, weil \u00fcber 10 Jahre lang keine Genehmigung zum Senden erreicht wurde, erhielten wir im September die Nachricht von ACCS, dass die Genehmigung durch die Beh\u00f6rde jetzt erteilt wurde. Seit August ist ACCS dabei, die organisatorischen Voraussetzungen f\u00fcr den Betrieb des Radios zu schaffen, was nach dieser langen Zeit nicht einfacher geworden ist. F\u00fcr das Geb\u00e4ude und den Antennenmast erh\u00e4lt der Verein Unterst\u00fctzung von der CHESF (Staudamm-Gesellschaft). Ansonsten verf\u00fcgt ACCS \u00fcber keinerlei finanzielle Mittel und eine Handvoll Aktive. Die Renovierung und Ausstattung der R\u00e4umlichkeiten konnte ACCS noch nicht abschlie\u00dfen.<\/p>\n<p>GN beabsichtigt, einen Zuschuss f\u00fcr die Ausstattung des Studios mit Ger\u00e4ten zu geben. Dazu muss allerdings zuerst ein Konzept f\u00fcr die gesamte Finanzierung vorliegen und die weiteren Voraussetzungen r\u00e4umlicher und personeller Art f\u00fcr den Sendebetrieb m\u00fcssen gegeben sein.<\/p>\n<p>Das Computer-B\u00fcrgerzentrum, f\u00fcr das GN 2011 keine weitere F\u00f6rderung gegeben hat, steht vor erheblichen Problemen. Seit L\u00e4ngerem verf\u00fcgt das Zentrum \u00fcber keinen Internet-Anschluss mehr, da ACCS die Geb\u00fchren nicht bezahlen kann. Dementsprechend ist die Nutzung stark zur\u00fcckgegangen und beschr\u00e4nkt sich jetzt auf das Erlernen und Anwenden von Textbearbeitung und Tabellenkalkulation. Die Pr\u00e4fektur, die bisher den Betreuer gestellt hat, entlie\u00df diesen zum Ende des Jahres.<\/p>\n<h3>Projekt der gemeinschaftlichen Aktion Sobradinho (PACS)<\/h3>\n<p>Das Projekt betreut etwa 150 Kinder und Jugendliche neben deren Schulbesuch in einem offenen Angebot mit sportlichen und kreativen Aktivit\u00e4ten sowie Betreuung bei Hausaufgaben. Die Pr\u00e4fektur hat 2011 ihre personelle Unterst\u00fctzung erweitert und einen Teil der Ern\u00e4hrungskosten \u00fcbernommen. Insbesondere konnte PACS die Angebote im musikalischen Bereich mit Gruppen f\u00fcr Fl\u00f6ten, Trommeln und andere Blasinstrumente erweitern. Zur Bezahlung von Strom, Wasser, Sportger\u00e4ten und Material f\u00fcr Handarbeiten sowie Theater- und Musikgruppen stellte GN 500\u20ac zur Verf\u00fcgung. Damit blieben wir deutlich unter dem Betrag von 1000\u20ac, den die MV vom Februar 2011 als Obergrenze beschlossen hatte. Aufgrund sehr sp\u00e4rlicher Informationen aus dem Projekt im ersten Halbjahr und den verf\u00fcgbaren Angaben zu den Aktivit\u00e4ten schien dem Vorstand ein h\u00f6herer Betrag nicht angemessen. Bei seinem f\u00fcr Juli 2012 geplanten Besuch in Sobradinho wird Guido Hinz die Ausgestaltung der Angebote und den Bedarf an Ausstattung vor Ort genauer pr\u00fcfen und dies mit dem Direktorium von PACS pers\u00f6nlich besprechen.<\/p>\n<h3>Landwirtschaftliche Familienschule (EFA) in Garrafao &#8211; ES, Brasilien<\/h3>\n<p>Die Sanierung des Gew\u00e4chshauses war f\u00fcr das Jahr 2011 fest eingeplant. Eine genaue Kostenaufstellung hat uns die Leitung der EFA im Juli 2011 \u00fcbersandt. GN hat daraufhin am 30.8.2011 den Betrag von 2.000\u20ac \u00fcberwiesen. Leider konnte dieser Betrag aufgrund eines Bankenstreiks und weiterer Komplikationen auf brasilianischer Seite nicht an die APEAFA ausgezahlt werden und kam im Dezember zur\u00fcck auf das Konto von GN. Nach R\u00fccksprache mit den brasilianischen Partnern werden wir diesen Betrag im Jahr 2012 erneut \u00fcberweisen. Bis dahin befindet er sich in der R\u00fccklage, die insgesamt 3.351,51\u20ac umfasst. Die Planung eines weiteren Projektes, in das die restlichen Mittel der R\u00fccklage f\u00fcr die EFA flie\u00dfen werden, gestaltet sich leider sehr langwierig. Grund daf\u00fcr ist vor allem die knappe personelle Besetzung in der Mitarbeiterschaft der EFA, in der Leonora Boone als unsere wichtigste Kontaktperson nach wie vor nur mit einem Teil ihrer Arbeitszeit t\u00e4tig ist. Um die Perspektiven der weiteren Zusammenarbeit zu kl\u00e4ren und die geplanten bzw. durchge-f\u00fchrten Ma\u00dfnahmen zu pr\u00fcfen, wird Guido Hinz als Vertreter von GN im August 2012 f\u00fcr f\u00fcnf Tage nach Garrafao reisen.<\/p>\n<h2>\u00d6ffentlichkeits- und Vereinsarbeit in Deutschland<\/h2>\n<p>Die interne Arbeit des Vereins fand in zwei Mitgliederversammlungen (Februar und November), in einer Reihe von kleineren Vereinstreffen und mehreren Vorstandssitzungen statt. Zu den \u00fcblichen Aufwendungen f\u00fcr Vereinspost, Internetseiten, Zeitschriften, Brosch\u00fcren, Faltbl\u00e4tter und Mitgliederversammlungen kam in diesem Jahr noch die Teilnahme des Vorsitzenden an einer Tagung des Forums f\u00fcr Umwelt und gerechte Entwicklung e.V. hinzu. Diese hatte als Themenschwerpunkt die Entwicklung rund um den Rio Sao Francisco, an dem Sobradinho liegt. Zwei brasilianische Referenten aus der Region waren beteiligt. Mit insgesamt knapp 400\u20ac liegen die Kosten der internen Vereinsarbeit weit unter den eingenommenen Mitgliedsbeitr\u00e4gen.<\/p>\n<p>Drei Veranstaltungen von GN dienten der Begegnung untereinander und mit anderen Menschen, die den Anliegen des Vereins nahe stehen oder sich daf\u00fcr interessieren: der Thementag \u201eJugend im Nationalsozialismus\u201c auf Burg Vogelsang im April 2011, der Thementag \u201eBrasilien im Wandel\u201c im Juni und das Begegnungswochenende im Oktober in Aachen. Alle Veranstaltungen wurden durch Teilnehmerbeitr\u00e4ge finanziert, wobei der Fehlbetrag von knapp 32\u20ac aus der f\u00fcr solche Veranstaltungen vorgesehenen R\u00fccklage gedeckt wurde, von der nun noch 232,93\u20ac f\u00fcr den Thementag und das Begegnungswochenende im n\u00e4chsten Jahr \u00fcbrig sind.<\/p>\n<p>Weitere H\u00f6hepunkte der Vereinsarbeit waren das Treffen mit einer Delegation aus Sobradinho, die im Juli bei ihrer Partnergemeinde in Wachtendonk am Niederrhein mit vier Personen zu Gast war, die Teilnahme am Pfarrfest in Wachtendonk und der Besuch bei der Gruppe SOV in Veere, Niederlande im August.<\/p>\n<p>Das gro\u00dfe Engagement von Mitgliedern insbesondere in der Kirchengemeinde Hoffnungsthal\/Forsbach, in der Viktoriaschule Aachen und im Einhard-Gymnasium Aachen erm\u00f6glichte es, viele Jugendliche in den Einsatz f\u00fcr die Menschen in Brasilien einzubeziehen und die Unterst\u00fctzung zahlreicher Spender zu gewinnen.<\/p>\n<p>im Original gez. Guido Hinz, Vorsitzender\u00a0\u00a0\u00a0 Bonn, den 26. Februar 2012<\/p>\n","protected":false},"excerpt":{"rendered":"<p>Jahresbericht 2011 des Vorstandes von Globale Nachbarschaft e.V. Dieser Bericht beschreibt die wesentlichen gesch\u00e4ftlichen T\u00e4tigkeiten des Jahres 2011, die der erweiterte Vorstand, bestehend aus Guido Hinz (Vorsitzender), Maria B\u00fcscher (stellvertretende <a class=\"more-link\" href=\"https:\/\/globalenachbarn.org\/?p=1075\">Weiter lesen \u2192<\/a><\/p>\n","protected":false},"author":5,"featured_media":0,"comment_status":"closed","ping_status":"open","sticky":false,"template":"","format":"standard","meta":{"footnotes":""},"categories":[75],"tags":[],"class_list":["post-1075","post","type-post","status-publish","format-standard","hentry","category-vereinschronik"],"_links":{"self":[{"href":"https:\/\/globalenachbarn.org\/index.php?rest_route=\/wp\/v2\/posts\/1075","targetHints":{"allow":["GET"]}}],"collection":[{"href":"https:\/\/globalenachbarn.org\/index.php?rest_route=\/wp\/v2\/posts"}],"about":[{"href":"https:\/\/globalenachbarn.org\/index.php?rest_route=\/wp\/v2\/types\/post"}],"author":[{"embeddable":true,"href":"https:\/\/globalenachbarn.org\/index.php?rest_route=\/wp\/v2\/users\/5"}],"replies":[{"embeddable":true,"href":"https:\/\/globalenachbarn.org\/index.php?rest_route=%2Fwp%2Fv2%2Fcomments&post=1075"}],"version-history":[{"count":2,"href":"https:\/\/globalenachbarn.org\/index.php?rest_route=\/wp\/v2\/posts\/1075\/revisions"}],"predecessor-version":[{"id":1113,"href":"https:\/\/globalenachbarn.org\/index.php?rest_route=\/wp\/v2\/posts\/1075\/revisions\/1113"}],"wp:attachment":[{"href":"https:\/\/globalenachbarn.org\/index.php?rest_route=%2Fwp%2Fv2%2Fmedia&parent=1075"}],"wp:term":[{"taxonomy":"category","embeddable":true,"href":"https:\/\/globalenachbarn.org\/index.php?rest_route=%2Fwp%2Fv2%2Fcategories&post=1075"},{"taxonomy":"post_tag","embeddable":true,"href":"https:\/\/globalenachbarn.org\/index.php?rest_route=%2Fwp%2Fv2%2Ftags&post=1075"}],"curies":[{"name":"wp","href":"https:\/\/api.w.org\/{rel}","templated":true}]}}