{"id":1130,"date":"2023-08-01T14:40:01","date_gmt":"2023-08-01T14:40:01","guid":{"rendered":"http:\/\/globalenachbarn.org\/?p=1130"},"modified":"2025-04-07T00:58:32","modified_gmt":"2025-04-07T00:58:32","slug":"projekte","status":"publish","type":"post","link":"https:\/\/globalenachbarn.org\/?p=1130","title":{"rendered":"Projekte"},"content":{"rendered":"\n<h1 class=\"wp-block-heading\">Folgende Projekte in Brasilien f\u00f6rdert Globale Nachbarschaft:<\/h1>\n\n\n\n<h2 class=\"wp-block-heading\"><a href=\"https:\/\/globalenachbarn.org\/?page_id=924\" data-type=\"page\" data-id=\"924\"><img loading=\"lazy\" decoding=\"async\" width=\"300\" height=\"225\" class=\"alignleft wp-image-1132 size-medium\" src=\"https:\/\/globalenachbarn.org\/wp-content\/uploads\/2015\/03\/FRENTE-GV.jpg\" alt=\"CAA-Abschied06\">Gente Valente &#8211; Kindertagesst\u00e4tte in Sobradinho\/Bahia<\/a><\/h2>\n\n\n\n<p>Wir unterst\u00fctzen den Ausbau der Kita \u201cGente<a href=\"https:\/\/globalenachbarn.org\/?p=773\" data-type=\"post\" data-id=\"773\"> <\/a>Valente\u201d im d\u00fcrren Nordosten Brasiliens.\u00a0 Dort werden 130 Kinder versorgt, insbesondere von alleinstehenden\u00a0 Frauen.<\/p>\n\n\n\n<h3 class=\"wp-block-heading\"><a href=\"https:\/\/globalenachbarn.org\/?page_id=904\" data-type=\"page\" data-id=\"904\"><img loading=\"lazy\" decoding=\"async\" width=\"300\" height=\"225\" class=\"alignleft wp-image-1132 size-medium\" src=\"http:\/\/globalenachbarn.org\/wp-content\/uploads\/2015\/12\/CAA-Abschied06-300x225.jpg\" alt=\"CAA-Abschied06\" srcset=\"https:\/\/globalenachbarn.org\/wp-content\/uploads\/2015\/12\/CAA-Abschied06-300x225.jpg 300w, https:\/\/globalenachbarn.org\/wp-content\/uploads\/2015\/12\/CAA-Abschied06-150x113.jpg 150w, https:\/\/globalenachbarn.org\/wp-content\/uploads\/2015\/12\/CAA-Abschied06-768x576.jpg 768w, https:\/\/globalenachbarn.org\/wp-content\/uploads\/2015\/12\/CAA-Abschied06-500x375.jpg 500w, https:\/\/globalenachbarn.org\/wp-content\/uploads\/2015\/12\/CAA-Abschied06.jpg 800w\" sizes=\"auto, (max-width: 300px) 100vw, 300px\" \/>Casa Antonita &#8211; Jugendzentrum f\u00fcr M\u00e4dchen in Sobradinho\/Bahia<\/a><\/h3>\n\n\n\n<p>Ebenfalls in Sobrahinho unterst\u00fctzen wir einen Hort f\u00fcr ca. 30 M\u00e4dchen aus sozial schwierigen Familienverh\u00e4ltnissen.<\/p>\n\n\n\n<h3 class=\"wp-block-heading\"><a href=\"https:\/\/globalenachbarn.org\/?page_id=2181\" data-type=\"page\" data-id=\"2181\"><img loading=\"lazy\" decoding=\"async\" width=\"300\" height=\"199\" class=\"alignleft size-medium wp-image-1052\" src=\"http:\/\/globalenachbarn.org\/wp-content\/uploads\/2015\/12\/Geb\u00e4udeEFAGarrafao-300x199.jpg\" alt=\"Geb\u00e4udeEFAGarrafao\" srcset=\"https:\/\/globalenachbarn.org\/wp-content\/uploads\/2015\/12\/Geb\u00e4udeEFAGarrafao-300x199.jpg 300w, https:\/\/globalenachbarn.org\/wp-content\/uploads\/2015\/12\/Geb\u00e4udeEFAGarrafao-150x100.jpg 150w, https:\/\/globalenachbarn.org\/wp-content\/uploads\/2015\/12\/Geb\u00e4udeEFAGarrafao-768x511.jpg 768w, https:\/\/globalenachbarn.org\/wp-content\/uploads\/2015\/12\/Geb\u00e4udeEFAGarrafao-500x332.jpg 500w, https:\/\/globalenachbarn.org\/wp-content\/uploads\/2015\/12\/Geb\u00e4udeEFAGarrafao.jpg 1280w\" sizes=\"auto, (max-width: 300px) 100vw, 300px\" \/>EFA Garraf\u00e3o &#8211; Landwirtschaftliche Familienschule in Esp\u00edrito Santo<\/a><\/h3>\n\n\n\n<p>Wir unterst\u00fctzen die Arbeit einer Landwirtschaftlichen Familienschule im Hochland von Esp\u00edrito Santo, insbesondere den Anbau \u00f6kologisch-biologischer Produkte.<\/p>\n\n\n\n<h3 class=\"wp-block-heading\"><a href=\"https:\/\/globalenachbarn.org\/?cat=8\"><img loading=\"lazy\" decoding=\"async\" width=\"300\" height=\"199\" class=\"alignleft size-medium wp-image-982\" src=\"http:\/\/globalenachbarn.org\/wp-content\/uploads\/2015\/11\/Geb\u00e4udeB\u00fcrgerradio-300x199.jpg\" alt=\"Geb\u00e4udeB\u00fcrgerradio\" srcset=\"https:\/\/globalenachbarn.org\/wp-content\/uploads\/2015\/11\/Geb\u00e4udeB\u00fcrgerradio-300x199.jpg 300w, https:\/\/globalenachbarn.org\/wp-content\/uploads\/2015\/11\/Geb\u00e4udeB\u00fcrgerradio-150x100.jpg 150w, https:\/\/globalenachbarn.org\/wp-content\/uploads\/2015\/11\/Geb\u00e4udeB\u00fcrgerradio-500x332.jpg 500w, https:\/\/globalenachbarn.org\/wp-content\/uploads\/2015\/11\/Geb\u00e4udeB\u00fcrgerradio.jpg 1280w\" sizes=\"auto, (max-width: 300px) 100vw, 300px\" \/>B\u00fcrgerradio S\u00e3o Francisco FM &#8211; \u00d6ffentlicher b\u00fcrgernaher Radiosender f\u00fcr Sobradinho<\/a><\/h3>\n\n\n\n<p>Seit 2002 unterst\u00fctzen wir die Arbeit des Vereins f\u00fcr Gemeinschaftskommunikation von Sobradinho (ACCS) zum Aufbau eines \u00f6ffentlichen b\u00fcrgernahen Radiosenders f\u00fcr Sobradinho.<\/p>\n\n\n\n<h3 class=\"wp-block-heading\"><img loading=\"lazy\" decoding=\"async\" width=\"300\" height=\"225\" class=\"size-medium wp-image-976 alignleft\" src=\"http:\/\/globalenachbarn.org\/wp-content\/uploads\/2015\/11\/OsterhasenfestPACS-klein-300x225.jpg\" alt=\"OsterhasenfestPACS-klein\" srcset=\"https:\/\/globalenachbarn.org\/wp-content\/uploads\/2015\/11\/OsterhasenfestPACS-klein-300x225.jpg 300w, https:\/\/globalenachbarn.org\/wp-content\/uploads\/2015\/11\/OsterhasenfestPACS-klein-150x113.jpg 150w, https:\/\/globalenachbarn.org\/wp-content\/uploads\/2015\/11\/OsterhasenfestPACS-klein-500x375.jpg 500w, https:\/\/globalenachbarn.org\/wp-content\/uploads\/2015\/11\/OsterhasenfestPACS-klein.jpg 1600w\" sizes=\"auto, (max-width: 300px) 100vw, 300px\" \/><a href=\"https:\/\/globalenachbarn.org\/?cat=7\">Projekt der gemeinschaftlichen Aktion Sobradinho (PACS)<\/a><\/h3>\n\n\n\n<p>Eine Tageseinrichtung f\u00fcr Kinder und Jugendliche in Sobradinho\/Bahia<br>Das &#8222;Projeto de A\u00e7\u00e3o Comunit\u00e1ria Sobradinho&#8220; betreibt in Sobradinho eine Tageseinrichtung f\u00fcr Kinder und Jugendliche, die GN seit 2008 mit Zusch\u00fcssen zum laufenden Unterhalt und zum Kauf von Nahrungsmitteln, Sportger\u00e4ten und Material f\u00fcr kreative Arbeiten unterst\u00fctzt.<\/p>\n\n\n\n<h3 class=\"wp-block-heading\"><img loading=\"lazy\" decoding=\"async\" class=\"alignleft size-medium wp-image-963\" src=\"http:\/\/globalenachbarn.org\/wp-content\/uploads\/2015\/11\/UnterrichtB\u00fcrgerzentrum-300x200.jpg\" alt=\"UnterrichtB\u00fcrgerzentrum\" width=\"300\" height=\"200\" srcset=\"https:\/\/globalenachbarn.org\/wp-content\/uploads\/2015\/11\/UnterrichtB\u00fcrgerzentrum-300x200.jpg 300w, https:\/\/globalenachbarn.org\/wp-content\/uploads\/2015\/11\/UnterrichtB\u00fcrgerzentrum-150x100.jpg 150w, https:\/\/globalenachbarn.org\/wp-content\/uploads\/2015\/11\/UnterrichtB\u00fcrgerzentrum-390x261.jpg 390w, https:\/\/globalenachbarn.org\/wp-content\/uploads\/2015\/11\/UnterrichtB\u00fcrgerzentrum.jpg 400w\" sizes=\"auto, (max-width: 300px) 100vw, 300px\" \/>Digitales B\u00fcrger-Zentrum &#8211; Ein sozialer Zugang zu Computer und Internet<\/h3>\n\n\n\n<p>In Sobradinho unterst\u00fctzen wir eine B\u00fcrgerinitiative, die im Rahmen eines staatlichen Programms einen Computerraum mit kostenlosem Zugang f\u00fcr alle B\u00fcrger betreibt.<\/p>\n","protected":false},"excerpt":{"rendered":"<p>Folgende Projekte in Brasilien f\u00f6rdert Globale Nachbarschaft: Gente Valente &#8211; Kindertagesst\u00e4tte in Sobradinho\/Bahia Wir unterst\u00fctzen den Ausbau der Kita \u201cGente Valente\u201d im d\u00fcrren Nordosten Brasiliens.\u00a0 Dort werden 130 Kinder versorgt, <a class=\"more-link\" href=\"https:\/\/globalenachbarn.org\/?p=1130\">Weiter lesen \u2192<\/a><\/p>\n","protected":false},"author":2,"featured_media":0,"comment_status":"closed","ping_status":"open","sticky":false,"template":"","format":"standard","meta":{"footnotes":""},"categories":[45],"tags":[],"class_list":["post-1130","post","type-post","status-publish","format-standard","hentry","category-berichte"],"_links":{"self":[{"href":"https:\/\/globalenachbarn.org\/index.php?rest_route=\/wp\/v2\/posts\/1130","targetHints":{"allow":["GET"]}}],"collection":[{"href":"https:\/\/globalenachbarn.org\/index.php?rest_route=\/wp\/v2\/posts"}],"about":[{"href":"https:\/\/globalenachbarn.org\/index.php?rest_route=\/wp\/v2\/types\/post"}],"author":[{"embeddable":true,"href":"https:\/\/globalenachbarn.org\/index.php?rest_route=\/wp\/v2\/users\/2"}],"replies":[{"embeddable":true,"href":"https:\/\/globalenachbarn.org\/index.php?rest_route=%2Fwp%2Fv2%2Fcomments&post=1130"}],"version-history":[{"count":26,"href":"https:\/\/globalenachbarn.org\/index.php?rest_route=\/wp\/v2\/posts\/1130\/revisions"}],"predecessor-version":[{"id":3745,"href":"https:\/\/globalenachbarn.org\/index.php?rest_route=\/wp\/v2\/posts\/1130\/revisions\/3745"}],"wp:attachment":[{"href":"https:\/\/globalenachbarn.org\/index.php?rest_route=%2Fwp%2Fv2%2Fmedia&parent=1130"}],"wp:term":[{"taxonomy":"category","embeddable":true,"href":"https:\/\/globalenachbarn.org\/index.php?rest_route=%2Fwp%2Fv2%2Fcategories&post=1130"},{"taxonomy":"post_tag","embeddable":true,"href":"https:\/\/globalenachbarn.org\/index.php?rest_route=%2Fwp%2Fv2%2Ftags&post=1130"}],"curies":[{"name":"wp","href":"https:\/\/api.w.org\/{rel}","templated":true}]}}