{"id":1153,"date":"2014-03-26T15:09:02","date_gmt":"2014-03-26T15:09:02","guid":{"rendered":"http:\/\/globalenachbarn.org\/?p=1153"},"modified":"2023-01-09T01:39:59","modified_gmt":"2023-01-09T01:39:59","slug":"bald-kann-einweihung-gefeiert-werden","status":"publish","type":"post","link":"https:\/\/globalenachbarn.org\/?p=1153","title":{"rendered":"Bald kann Einweihung gefeiert werden"},"content":{"rendered":"\n<p>Trotz der Stockungen beim Bau des Hortgeb\u00e4udes auf dem&nbsp; Gel\u00e4nde der Kindertagesst\u00e4tte Gente Valente (s. Artikel &#8222;<a href=\"http:\/\/globalenachbarn.org\/?p=1176\" target=\"_blank\" rel=\"noopener\">Schwierige Zeiten<\/a>&#8220; ) kann bald Einweihung gefeiert werden.<br><\/p>\n\n\n\n<!--more-->\n\n\n\n<h3 class=\"wp-block-heading\">Dach und Untergeschoss sind fertig<\/h3>\n\n\n\n<div class=\"wp-block-group alignwide is-content-justification-space-between is-nowrap is-layout-flex wp-container-core-group-is-layout-eaacdc6a wp-block-group-is-layout-flex\">\n<figure class=\"wp-block-image size-large is-resized\"><img loading=\"lazy\" decoding=\"async\" src=\"https:\/\/globalenachbarn.org\/wp-content\/uploads\/2015\/11\/elektrikhort-klein-768x1024.jpg\" alt=\"\" class=\"wp-image-778\" width=\"383\" height=\"510\" srcset=\"https:\/\/globalenachbarn.org\/wp-content\/uploads\/2015\/11\/elektrikhort-klein-768x1024.jpg 768w, https:\/\/globalenachbarn.org\/wp-content\/uploads\/2015\/11\/elektrikhort-klein-225x300.jpg 225w, https:\/\/globalenachbarn.org\/wp-content\/uploads\/2015\/11\/elektrikhort-klein.jpg 1000w\" sizes=\"auto, (max-width: 383px) 100vw, 383px\" \/><\/figure>\n\n\n\n<figure class=\"wp-block-image size-full is-resized\"><img loading=\"lazy\" decoding=\"async\" src=\"https:\/\/globalenachbarn.org\/wp-content\/uploads\/2015\/11\/teilansichthort-klein.jpg\" alt=\"\" class=\"wp-image-786\" width=\"408\" height=\"306\" srcset=\"https:\/\/globalenachbarn.org\/wp-content\/uploads\/2015\/11\/teilansichthort-klein.jpg 1000w, https:\/\/globalenachbarn.org\/wp-content\/uploads\/2015\/11\/teilansichthort-klein-300x225.jpg 300w\" sizes=\"auto, (max-width: 408px) 100vw, 408px\" \/><\/figure>\n<\/div>\n\n\n\n<p>Ende September wurde der Rohbau mit den zwei Geschossen von au\u00dfen verputzt und bemalt und im Oktober die Dachkonstruktion aufgesetzt.<\/p>\n\n\n\n<p>In der zweiten Jahresh\u00e4lfte 2013 konnte mit Unterst\u00fctzung von GN und der <a href=\"http:\/\/sov-veere.nl\/\" target=\"_blank\" rel=\"noopener\">niederl\u00e4ndischen Partnergruppe S.O.V.<\/a> der Neubau der R\u00e4ume f\u00fcr Hort-Gruppen sowie Verwaltung und Lager fortgesetzt werden.<\/p>\n\n\n<div class=\"wp-block-image\">\n<figure class=\"alignright size-large is-resized\"><img loading=\"lazy\" decoding=\"async\" src=\"https:\/\/globalenachbarn.org\/wp-content\/uploads\/2016\/04\/innenanstrich-klein-1-500x375.jpg\" alt=\"\" class=\"wp-image-2066\" width=\"374\" height=\"283\"\/><figcaption class=\"wp-element-caption\">Arbeitseinsatz der Mitarbeiterinnen<\/figcaption><\/figure><\/div>\n\n\n<p>Weil Anfang 2014 die Bauleute der Pr\u00e4fektur ausblieben, nahmen die Mitarbeiterinnen der KiTa die Verputz- und Malerarbeiten selbst in die Hand. So konnten sie zu Beginn des neuen Kindergartenjahres die neuen R\u00e4ume mit den Kindern nutzen. <\/p>\n\n\n\n<p>Auch das B\u00fcro von Marta sollte endlich fertig werden, nachdem sie diese T\u00e4tigkeit jahrelang in der Vorratskammer aus\u00fcben musste.<\/p>\n\n\n\n<figure class=\"wp-block-image size-large\"><img loading=\"lazy\" decoding=\"async\" width=\"500\" height=\"375\" src=\"https:\/\/globalenachbarn.org\/wp-content\/uploads\/2016\/01\/neuesB\u00fcro-Marta-500x375.jpg\" alt=\"\" class=\"wp-image-1731\" srcset=\"https:\/\/globalenachbarn.org\/wp-content\/uploads\/2016\/01\/neuesB\u00fcro-Marta-500x375.jpg 500w, https:\/\/globalenachbarn.org\/wp-content\/uploads\/2016\/01\/neuesB\u00fcro-Marta-150x113.jpg 150w, https:\/\/globalenachbarn.org\/wp-content\/uploads\/2016\/01\/neuesB\u00fcro-Marta-300x225.jpg 300w, https:\/\/globalenachbarn.org\/wp-content\/uploads\/2016\/01\/neuesB\u00fcro-Marta-768x576.jpg 768w, https:\/\/globalenachbarn.org\/wp-content\/uploads\/2016\/01\/neuesB\u00fcro-Marta.jpg 1200w\" sizes=\"auto, (max-width: 500px) 100vw, 500px\" \/><\/figure>\n\n\n\n<h3 class=\"wp-block-heading\">Innenausbau<\/h3>\n\n\n\n<p>F\u00fcr die Innenausstattung fehlen nun nur noch einige Dinge, u.a. Waschbecken, Fliesen, T\u00fcren und das Mobiliar. Die Finanzierung \u00fcbernimmt die niederl\u00e4ndische Partnergruppe S.O.V.<\/p>\n\n\n\n<p>Als letztes erhielten die Geb\u00e4ude der KiTa einen neuen Anstrich und eine fr\u00f6hlich-bunte Bemalung.<\/p>\n\n\n\n<figure class=\"wp-block-image size-large\"><img loading=\"lazy\" decoding=\"async\" width=\"510\" height=\"383\" src=\"https:\/\/globalenachbarn.org\/wp-content\/uploads\/2023\/01\/grundstuecksgrenze-klein-edited.jpg\" alt=\"\" class=\"wp-image-3420\" srcset=\"https:\/\/globalenachbarn.org\/wp-content\/uploads\/2023\/01\/grundstuecksgrenze-klein-edited.jpg 510w, https:\/\/globalenachbarn.org\/wp-content\/uploads\/2023\/01\/grundstuecksgrenze-klein-edited-300x225.jpg 300w, https:\/\/globalenachbarn.org\/wp-content\/uploads\/2023\/01\/grundstuecksgrenze-klein-edited-500x375.jpg 500w, https:\/\/globalenachbarn.org\/wp-content\/uploads\/2023\/01\/grundstuecksgrenze-klein-edited-150x113.jpg 150w\" sizes=\"auto, (max-width: 510px) 100vw, 510px\" \/><\/figure>\n\n\n\n<p>Auch die 10 Regeln f\u00fcr den Frieden in der Familie durften nicht fehlen.<\/p>\n","protected":false},"excerpt":{"rendered":"<p>Trotz der Stockungen beim Bau des Hortgeb\u00e4udes auf dem&nbsp; Gel\u00e4nde der Kindertagesst\u00e4tte Gente Valente (s. Artikel &#8222;Schwierige Zeiten&#8220; ) kann bald Einweihung gefeiert werden.<\/p>\n","protected":false},"author":5,"featured_media":1163,"comment_status":"closed","ping_status":"open","sticky":false,"template":"","format":"standard","meta":{"footnotes":""},"categories":[4,3],"tags":[],"class_list":["post-1153","post","type-post","status-publish","format-standard","has-post-thumbnail","hentry","category-gv","category-so"],"_links":{"self":[{"href":"https:\/\/globalenachbarn.org\/index.php?rest_route=\/wp\/v2\/posts\/1153","targetHints":{"allow":["GET"]}}],"collection":[{"href":"https:\/\/globalenachbarn.org\/index.php?rest_route=\/wp\/v2\/posts"}],"about":[{"href":"https:\/\/globalenachbarn.org\/index.php?rest_route=\/wp\/v2\/types\/post"}],"author":[{"embeddable":true,"href":"https:\/\/globalenachbarn.org\/index.php?rest_route=\/wp\/v2\/users\/5"}],"replies":[{"embeddable":true,"href":"https:\/\/globalenachbarn.org\/index.php?rest_route=%2Fwp%2Fv2%2Fcomments&post=1153"}],"version-history":[{"count":24,"href":"https:\/\/globalenachbarn.org\/index.php?rest_route=\/wp\/v2\/posts\/1153\/revisions"}],"predecessor-version":[{"id":3434,"href":"https:\/\/globalenachbarn.org\/index.php?rest_route=\/wp\/v2\/posts\/1153\/revisions\/3434"}],"wp:featuredmedia":[{"embeddable":true,"href":"https:\/\/globalenachbarn.org\/index.php?rest_route=\/wp\/v2\/media\/1163"}],"wp:attachment":[{"href":"https:\/\/globalenachbarn.org\/index.php?rest_route=%2Fwp%2Fv2%2Fmedia&parent=1153"}],"wp:term":[{"taxonomy":"category","embeddable":true,"href":"https:\/\/globalenachbarn.org\/index.php?rest_route=%2Fwp%2Fv2%2Fcategories&post=1153"},{"taxonomy":"post_tag","embeddable":true,"href":"https:\/\/globalenachbarn.org\/index.php?rest_route=%2Fwp%2Fv2%2Ftags&post=1153"}],"curies":[{"name":"wp","href":"https:\/\/api.w.org\/{rel}","templated":true}]}}