{"id":1176,"date":"2014-03-25T16:50:12","date_gmt":"2014-03-25T16:50:12","guid":{"rendered":"http:\/\/globalenachbarn.org\/?p=1176"},"modified":"2016-03-27T16:48:08","modified_gmt":"2016-03-27T16:48:08","slug":"schwierige-zeiten","status":"publish","type":"post","link":"https:\/\/globalenachbarn.org\/?p=1176","title":{"rendered":"Schwierige Zeiten"},"content":{"rendered":"<h2>Die Kindertagesst\u00e4tte Gente Valente durchlebt schwierige Zeiten<\/h2>\n<h3>Zugesagte Gelder wurden nicht ausgezahlt<\/h3>\n<p>Die der staatlich anerkannten Kindertagesst\u00e4tte zustehenden Mittel der Bundesregierung aus Brasilia wurden von der Pr\u00e4fektur in Sobradinho bis Mitte des Jahres 2013 nicht ausgezahlt. Der dadurch entstandene finanzielle Engpass f\u00fchrte dazu, dass die Stiftung Antonita Bandres beide Einrichtungen (Casa Antonita und KiTa) vor\u00fcbergehend schlie\u00dfen musste. Auch die vom Pr\u00e4fekten zugesagten Arbeitskr\u00e4fte f\u00fcr die Bauma\u00dfnahme Hortgeb\u00e4ude blieben aus.<\/p>\n<p><!--more--><\/p>\n<h3>Neue staatliche Vorgaben<\/h3>\n<p><img loading=\"lazy\" decoding=\"async\" class=\"alignleft size-medium wp-image-1177\" src=\"http:\/\/globalenachbarn.org\/wp-content\/uploads\/2015\/12\/au\u00dfenanstrichkita-300x225.jpg\" alt=\"au\u00dfenanstrichkita\" width=\"300\" height=\"225\" srcset=\"https:\/\/globalenachbarn.org\/wp-content\/uploads\/2015\/12\/au\u00dfenanstrichkita-300x225.jpg 300w, https:\/\/globalenachbarn.org\/wp-content\/uploads\/2015\/12\/au\u00dfenanstrichkita-150x113.jpg 150w, https:\/\/globalenachbarn.org\/wp-content\/uploads\/2015\/12\/au\u00dfenanstrichkita-768x576.jpg 768w, https:\/\/globalenachbarn.org\/wp-content\/uploads\/2015\/12\/au\u00dfenanstrichkita-500x375.jpg 500w, https:\/\/globalenachbarn.org\/wp-content\/uploads\/2015\/12\/au\u00dfenanstrichkita.jpg 1200w\" sizes=\"auto, (max-width: 300px) 100vw, 300px\" \/>Au\u00dferdem verlangt die Bundesregierung, dass zuk\u00fcnftig soziale Einrichtungen \u00fcberwiegend mit hauptamtlichen, also bezahlten Kr\u00e4ften gef\u00fchrt werden m\u00fcssen. Die KiTa wird bisher ausschlie\u00dflich von ehrenamtlichen Mitarbeiterinnen getragen.<\/p>\n<h3><\/h3>\n<h3>Protest bei der Pr\u00e4fektur<\/h3>\n<p>Im August 2013 legten der Vorstand der Stiftung und das Mitarbeiterteam beim neuen Pr\u00e4fekten von Sobradinho Protest ein und erl\u00e4uterten ihm in einer sehr emotionalen Rede die Entstehungsgeschichte der Einrichtungen und die Wichtigkeit f\u00fcr die B\u00fcrger der Stadt Sobradinho. Auch Globale Nachbarschaft sandte ein Protestschreiben an den neuen Pr\u00e4fekten. <img loading=\"lazy\" decoding=\"async\" class=\"alignleft size-medium wp-image-1179\" src=\"http:\/\/globalenachbarn.org\/wp-content\/uploads\/2015\/12\/lautsprecherwagen-300x225.jpg\" alt=\"lautsprecherwagen\" width=\"300\" height=\"225\" srcset=\"https:\/\/globalenachbarn.org\/wp-content\/uploads\/2015\/12\/lautsprecherwagen-300x225.jpg 300w, https:\/\/globalenachbarn.org\/wp-content\/uploads\/2015\/12\/lautsprecherwagen-150x113.jpg 150w, https:\/\/globalenachbarn.org\/wp-content\/uploads\/2015\/12\/lautsprecherwagen-768x576.jpg 768w, https:\/\/globalenachbarn.org\/wp-content\/uploads\/2015\/12\/lautsprecherwagen-500x375.jpg 500w, https:\/\/globalenachbarn.org\/wp-content\/uploads\/2015\/12\/lautsprecherwagen.jpg 1200w\" sizes=\"auto, (max-width: 300px) 100vw, 300px\" \/>Daneben sorgte die Stiftung Antonita Bandres daf\u00fcr, dass die Bev\u00f6lkerung von Sobradinho \u00fcber die Gr\u00fcnde f\u00fcr die Schlie\u00dfung der Einrichtungen, insbesondere der Kindertagesst\u00e4tte mit ca. 150 Kindern, per Lautsprecherwagen informiert wurde.<\/p>\n<h3><\/h3>\n<h3>Erste Erfolge<\/h3>\n<p>Inzwischen hat der Pr\u00e4fekt eingelenkt. Er zahlte einen Teil des Geldes vom Bundesstaat aus und sagte f\u00fcr 2014 personelle Unterst\u00fctzung zu. So konnten KiTa und Casa Antonita wieder ge\u00f6ffnet und der ins Stocken geratene Bau des Hortgeb\u00e4udes fortgesetzt werden (s. Artikel &#8222;Bald kann Einweihung gefeiert werden &#8220; ). Ohne den gro\u00dfen Einsatz und den Mut von Marta, der Leiterin der KiTa, und den anderen Mitgliedern des Vorstands der Stiftung Antonita Bandres w\u00e4re dieses Ergebnis nicht m\u00f6glich gewesen.<\/p>\n<div id=\"attachment_1180\" style=\"width: 310px\" class=\"wp-caption alignleft\"><img loading=\"lazy\" decoding=\"async\" aria-describedby=\"caption-attachment-1180\" class=\"wp-image-1180 size-medium\" src=\"http:\/\/globalenachbarn.org\/wp-content\/uploads\/2015\/12\/\u00fcbergabegn-brief-300x225.jpg\" alt=\"\u00fcbergabegn-brief\" width=\"300\" height=\"225\" srcset=\"https:\/\/globalenachbarn.org\/wp-content\/uploads\/2015\/12\/\u00fcbergabegn-brief-300x225.jpg 300w, https:\/\/globalenachbarn.org\/wp-content\/uploads\/2015\/12\/\u00fcbergabegn-brief-150x113.jpg 150w, https:\/\/globalenachbarn.org\/wp-content\/uploads\/2015\/12\/\u00fcbergabegn-brief-768x576.jpg 768w, https:\/\/globalenachbarn.org\/wp-content\/uploads\/2015\/12\/\u00fcbergabegn-brief-500x375.jpg 500w, https:\/\/globalenachbarn.org\/wp-content\/uploads\/2015\/12\/\u00fcbergabegn-brief.jpg 1200w\" sizes=\"auto, (max-width: 300px) 100vw, 300px\" \/><p id=\"caption-attachment-1180\" class=\"wp-caption-text\"><em>\u00dcbergabe des Appells von GN an den Pr\u00e4fekten durch Marta<\/em><\/p><\/div>\n<div id=\"attachment_1181\" style=\"width: 310px\" class=\"wp-caption alignleft\"><img loading=\"lazy\" decoding=\"async\" aria-describedby=\"caption-attachment-1181\" class=\"wp-image-1181 size-medium\" src=\"http:\/\/globalenachbarn.org\/wp-content\/uploads\/2015\/12\/auf-der-pr\u00e4fektur-300x225.jpg\" alt=\"Mitarbeiter und Unterst\u00fctzer beim Pr\u00e4fekten\" width=\"300\" height=\"225\" srcset=\"https:\/\/globalenachbarn.org\/wp-content\/uploads\/2015\/12\/auf-der-pr\u00e4fektur-300x225.jpg 300w, https:\/\/globalenachbarn.org\/wp-content\/uploads\/2015\/12\/auf-der-pr\u00e4fektur-150x113.jpg 150w, https:\/\/globalenachbarn.org\/wp-content\/uploads\/2015\/12\/auf-der-pr\u00e4fektur-768x576.jpg 768w, https:\/\/globalenachbarn.org\/wp-content\/uploads\/2015\/12\/auf-der-pr\u00e4fektur-500x375.jpg 500w, https:\/\/globalenachbarn.org\/wp-content\/uploads\/2015\/12\/auf-der-pr\u00e4fektur.jpg 1200w\" sizes=\"auto, (max-width: 300px) 100vw, 300px\" \/><p id=\"caption-attachment-1181\" class=\"wp-caption-text\">Versammelte Mitarbeiterinnen und Vorstand der Stiftung Antonita Bandres beim B\u00fcrgermeister<\/p><\/div>\n<p>Mit\u00a0 dem bisher von der Pr\u00e4fektur zur Verf\u00fcgung gestellten monatlichen Betrag kann die Einrichtung die Kinder zwar versorgen, aber nichts f\u00fcr die offizielle Registrierung der Mitarbeiterinnen zahlen. Dies ist aber dringend n\u00f6tig und soll mit einem deutlich h\u00f6heren Beitrag 2014 erreicht werden. Diese Zusage hat der Pr\u00e4fekt bis April 2014 noch nicht eingel\u00f6st.<\/p>\n<p>GN \u00fcberlegt, ob und in welcher Form bei der L\u00f6sung des Personalproblems geholfen werden kann. Dies setzt voraus, dass die Pr\u00e4fektur ihren Verpflichtungen nachkommt.<\/p>\n","protected":false},"excerpt":{"rendered":"<p>Die Kindertagesst\u00e4tte Gente Valente durchlebt schwierige Zeiten Zugesagte Gelder wurden nicht ausgezahlt Die der staatlich anerkannten Kindertagesst\u00e4tte zustehenden Mittel der Bundesregierung aus Brasilia wurden von der Pr\u00e4fektur in Sobradinho bis <a class=\"more-link\" href=\"https:\/\/globalenachbarn.org\/?p=1176\">Weiter lesen \u2192<\/a><\/p>\n","protected":false},"author":5,"featured_media":1182,"comment_status":"closed","ping_status":"open","sticky":false,"template":"","format":"standard","meta":{"footnotes":""},"categories":[4,3],"tags":[],"class_list":["post-1176","post","type-post","status-publish","format-standard","has-post-thumbnail","hentry","category-gv","category-so"],"_links":{"self":[{"href":"https:\/\/globalenachbarn.org\/index.php?rest_route=\/wp\/v2\/posts\/1176","targetHints":{"allow":["GET"]}}],"collection":[{"href":"https:\/\/globalenachbarn.org\/index.php?rest_route=\/wp\/v2\/posts"}],"about":[{"href":"https:\/\/globalenachbarn.org\/index.php?rest_route=\/wp\/v2\/types\/post"}],"author":[{"embeddable":true,"href":"https:\/\/globalenachbarn.org\/index.php?rest_route=\/wp\/v2\/users\/5"}],"replies":[{"embeddable":true,"href":"https:\/\/globalenachbarn.org\/index.php?rest_route=%2Fwp%2Fv2%2Fcomments&post=1176"}],"version-history":[{"count":10,"href":"https:\/\/globalenachbarn.org\/index.php?rest_route=\/wp\/v2\/posts\/1176\/revisions"}],"predecessor-version":[{"id":2014,"href":"https:\/\/globalenachbarn.org\/index.php?rest_route=\/wp\/v2\/posts\/1176\/revisions\/2014"}],"wp:featuredmedia":[{"embeddable":true,"href":"https:\/\/globalenachbarn.org\/index.php?rest_route=\/wp\/v2\/media\/1182"}],"wp:attachment":[{"href":"https:\/\/globalenachbarn.org\/index.php?rest_route=%2Fwp%2Fv2%2Fmedia&parent=1176"}],"wp:term":[{"taxonomy":"category","embeddable":true,"href":"https:\/\/globalenachbarn.org\/index.php?rest_route=%2Fwp%2Fv2%2Fcategories&post=1176"},{"taxonomy":"post_tag","embeddable":true,"href":"https:\/\/globalenachbarn.org\/index.php?rest_route=%2Fwp%2Fv2%2Ftags&post=1176"}],"curies":[{"name":"wp","href":"https:\/\/api.w.org\/{rel}","templated":true}]}}