{"id":1263,"date":"2013-02-14T13:03:01","date_gmt":"2013-02-14T13:03:01","guid":{"rendered":"http:\/\/globalenachbarn.org\/?p=1263"},"modified":"2016-03-27T17:28:39","modified_gmt":"2016-03-27T17:28:39","slug":"neubau-hort-erster-abschnitt","status":"publish","type":"post","link":"https:\/\/globalenachbarn.org\/?p=1263","title":{"rendered":"Erster Abschnitt Hort-Neubau"},"content":{"rendered":"<p>Die Handwerker der Pr\u00e4fektur von Sobradinho haben den ersten Teil der Hortr\u00e4ume fertiggestellt.<\/p>\n<p><!--more--><\/p>\n<h3>Baubeginn<\/h3>\n<p>Im Jahr 2012 begannen die Handwerker der Pr\u00e4fektur (Stadtverwaltung) von Sobradinho mit dem Bau der Hortr\u00e4ume einschlie\u00dflich der Toiletten und eines Stiftungsb\u00fcros f\u00fcr die\u00a0 Kindertagesst\u00e4tte Gente Valente.<\/p>\n<h3>Erf\u00fcllung staatlicher Vorgaben<\/h3>\n<p>Die Errichtung der Hortr\u00e4ume ist ein weiterer Schritt zur staatlichen Anerkennung der Kindertagesst\u00e4tte Gente Valente und die dritte Etappe der von Globale Nachbarschaft e.V. im Jahr 2007 als unterst\u00fctzenswert beschlossenen Bauma\u00dfnahmen f\u00fcr diese Einrichtung.\u00a0 Der B<img loading=\"lazy\" decoding=\"async\" class=\"alignright wp-image-1265 size-medium\" src=\"http:\/\/globalenachbarn.org\/wp-content\/uploads\/2015\/12\/GrundmauernHort-300x225.jpg\" alt=\"GrundmauernHort\" width=\"300\" height=\"225\" srcset=\"https:\/\/globalenachbarn.org\/wp-content\/uploads\/2015\/12\/GrundmauernHort-300x225.jpg 300w, https:\/\/globalenachbarn.org\/wp-content\/uploads\/2015\/12\/GrundmauernHort-150x113.jpg 150w, https:\/\/globalenachbarn.org\/wp-content\/uploads\/2015\/12\/GrundmauernHort-768x576.jpg 768w, https:\/\/globalenachbarn.org\/wp-content\/uploads\/2015\/12\/GrundmauernHort-500x375.jpg 500w, https:\/\/globalenachbarn.org\/wp-content\/uploads\/2015\/12\/GrundmauernHort.jpg 1024w\" sizes=\"auto, (max-width: 300px) 100vw, 300px\" \/>au ist notwendig, um die Bedingungen des Bundesstaates in Salvador an Horteinrichtungen zu erf\u00fcllen und eine offizielle Anerkennung der Einrichtung nebst Zusch\u00fcssen, u.a. f\u00fcr die Ern\u00e4hrung, zu erhalten. Die Einhaltung dieser Vorgaben wird vor einer m\u00f6glichen Anerkennung der Einrichtung durch den Bundesstaat in Salvador \u00fcberpr\u00fcft.<\/p>\n<h3>Finanzieller Rahmen<\/h3>\n<p>Nach einer Kostenplanung eines Fachmannes der Pr\u00e4fektur werden sich die Gesamtkosten f\u00fcr das zweist\u00f6ckige Geb\u00e4ude auf ca. 30.000 Euro belaufen. Ein Drittel der Kosten soll die Pr\u00e4fektur durch Bereitstellung von Werkzeug, Maschinen und Personal f\u00fcr die Bauma\u00dfnahme tragen. Ein weiteres Drittel m\u00f6chte S.O.V., unsere niederl\u00e4ndische Partnergruppe \u00fcbernehmen. Wegen der sehr hohen Kosten wird das Projekt in zwei Einheiten bewerkstelligt.<\/p>\n<h3>Besuch von Sch\u00fclerinnen des Einhard Gymnasiums Aachen<\/h3>\n<p>Im August 2012 besuchten Sch\u00fclerinnen des Einhard Gymnasiums Aachen, Guido Hinz von Globale Nachbarschaft e.V. und Wilma Franke von S.O.V. die Kindertagesst\u00e4tte Gente Valente. <img loading=\"lazy\" decoding=\"async\" class=\"alignleft size-medium wp-image-1264\" src=\"http:\/\/globalenachbarn.org\/wp-content\/uploads\/2015\/12\/ReiseGrp2012-am-Flughafen-300x199.jpg\" alt=\"ReiseGrp2012-am-Flughafen\" width=\"300\" height=\"199\" srcset=\"https:\/\/globalenachbarn.org\/wp-content\/uploads\/2015\/12\/ReiseGrp2012-am-Flughafen-300x199.jpg 300w, https:\/\/globalenachbarn.org\/wp-content\/uploads\/2015\/12\/ReiseGrp2012-am-Flughafen-150x100.jpg 150w, https:\/\/globalenachbarn.org\/wp-content\/uploads\/2015\/12\/ReiseGrp2012-am-Flughafen-768x511.jpg 768w, https:\/\/globalenachbarn.org\/wp-content\/uploads\/2015\/12\/ReiseGrp2012-am-Flughafen-500x332.jpg 500w, https:\/\/globalenachbarn.org\/wp-content\/uploads\/2015\/12\/ReiseGrp2012-am-Flughafen.jpg 1280w\" sizes=\"auto, (max-width: 300px) 100vw, 300px\" \/><\/p>\n<p>Sie konnten sich vom Fortgang der Bauarbeiten f\u00fcr die Hortr\u00e4ume \u00fcberzeugen. Der Rohbau des Erdgeschosses in Stahlbetonskelettbauweise mit Tonziegeln ist fertig. Die Treppe zur ersten Etage wird gebaut.<\/p>\n<p><img loading=\"lazy\" decoding=\"async\" class=\"size-medium wp-image-1266 alignright\" src=\"http:\/\/globalenachbarn.org\/wp-content\/uploads\/2015\/12\/ErdgeschossHort-300x199.jpg\" alt=\"ErdgeschossHort\" width=\"300\" height=\"199\" srcset=\"https:\/\/globalenachbarn.org\/wp-content\/uploads\/2015\/12\/ErdgeschossHort-300x199.jpg 300w, https:\/\/globalenachbarn.org\/wp-content\/uploads\/2015\/12\/ErdgeschossHort-150x100.jpg 150w, https:\/\/globalenachbarn.org\/wp-content\/uploads\/2015\/12\/ErdgeschossHort-768x511.jpg 768w, https:\/\/globalenachbarn.org\/wp-content\/uploads\/2015\/12\/ErdgeschossHort-500x332.jpg 500w, https:\/\/globalenachbarn.org\/wp-content\/uploads\/2015\/12\/ErdgeschossHort.jpg 1280w\" sizes=\"auto, (max-width: 300px) 100vw, 300px\" \/><\/p>\n<p>Das\u00a0 zur Verf\u00fcgung stehende Geld reicht nicht mehr f\u00fcr die zweite Etage des Hortgeb\u00e4udes. Um in der Regenzeit Schaden vom Erdgeschoss-Rohbau fernzuhalten, schl\u00e4gt die Leiterin der Einrichtung Marta vor, das Dach aufzusetzen und zun\u00e4chst den Zwischenboden unfertig zu lassen. Hierf\u00fcr gibt es eine ungef\u00e4hre Kostensch\u00e4tzung von 6.000 Euro. Ob Globale Nachbarschaft dies gemeinsam mit der niederl\u00e4ndischen Partnergruppe S.O.V. finanziert, wird zur Zeit noch \u00fcberlegt.<\/p>\n<p><img loading=\"lazy\" decoding=\"async\" class=\"alignleft size-medium wp-image-1267\" src=\"http:\/\/globalenachbarn.org\/wp-content\/uploads\/2015\/12\/Vorratskammer-B\u00fcro-300x199.jpg\" alt=\"Vorratskammer-B\u00fcro\" width=\"300\" height=\"199\" srcset=\"https:\/\/globalenachbarn.org\/wp-content\/uploads\/2015\/12\/Vorratskammer-B\u00fcro-300x199.jpg 300w, https:\/\/globalenachbarn.org\/wp-content\/uploads\/2015\/12\/Vorratskammer-B\u00fcro-150x100.jpg 150w, https:\/\/globalenachbarn.org\/wp-content\/uploads\/2015\/12\/Vorratskammer-B\u00fcro-768x511.jpg 768w, https:\/\/globalenachbarn.org\/wp-content\/uploads\/2015\/12\/Vorratskammer-B\u00fcro-500x332.jpg 500w, https:\/\/globalenachbarn.org\/wp-content\/uploads\/2015\/12\/Vorratskammer-B\u00fcro.jpg 1280w\" sizes=\"auto, (max-width: 300px) 100vw, 300px\" \/><\/p>\n<p>Die deutschen G\u00e4ste sahen zudem w\u00e4hrend ihres Aufenthaltes, wie dringlich die Einrichtung eines Stiftungsb\u00fcros bzw. B\u00fcros f\u00fcr die Leiterin des Centro Gente Valente ist. Marta musste bisher ihre B\u00fcroarbeiten\u00a0 in sehr beengten Verh\u00e4ltnissen in einem Lagerraum erledigen.<\/p>\n<h3><\/h3>\n<h3>Hilfe der deutschen G\u00e4ste bei der Kinderbetreuung<\/h3>\n<p>W\u00e4hrend des Aufenthalts der deutschen G\u00e4ste war die personelle Situation im Centro Gente Valente sehr angespannt. Die K\u00f6chin fehlte wegen einer ernsten Erkrankung und eine Betreuerin hatte eine Stelle als Krankenschwester angenommen. Darum sprangen die Sch\u00fclerinnen vom Einhard Gymnasium gerne ein und betreuten die Kinder.<\/p>\n<p><img loading=\"lazy\" decoding=\"async\" class=\"size-medium wp-image-1268 alignleft\" src=\"http:\/\/globalenachbarn.org\/wp-content\/uploads\/2015\/12\/Spiel-mit-KiTa-Kindern-300x199.jpg\" alt=\"Spiel-mit-KiTa-Kindern\" width=\"300\" height=\"199\" \/><img loading=\"lazy\" decoding=\"async\" class=\"size-medium wp-image-1269 alignright\" src=\"http:\/\/globalenachbarn.org\/wp-content\/uploads\/2015\/12\/Kinderbetreuung-188x250.jpg\" alt=\"Kinderbetreuung\" width=\"188\" height=\"250\" \/><\/p>\n","protected":false},"excerpt":{"rendered":"<p>Die Handwerker der Pr\u00e4fektur von Sobradinho haben den ersten Teil der Hortr\u00e4ume fertiggestellt.<\/p>\n","protected":false},"author":5,"featured_media":1265,"comment_status":"closed","ping_status":"closed","sticky":false,"template":"","format":"standard","meta":{"footnotes":""},"categories":[4,3],"tags":[],"class_list":["post-1263","post","type-post","status-publish","format-standard","has-post-thumbnail","hentry","category-gv","category-so"],"_links":{"self":[{"href":"https:\/\/globalenachbarn.org\/index.php?rest_route=\/wp\/v2\/posts\/1263","targetHints":{"allow":["GET"]}}],"collection":[{"href":"https:\/\/globalenachbarn.org\/index.php?rest_route=\/wp\/v2\/posts"}],"about":[{"href":"https:\/\/globalenachbarn.org\/index.php?rest_route=\/wp\/v2\/types\/post"}],"author":[{"embeddable":true,"href":"https:\/\/globalenachbarn.org\/index.php?rest_route=\/wp\/v2\/users\/5"}],"replies":[{"embeddable":true,"href":"https:\/\/globalenachbarn.org\/index.php?rest_route=%2Fwp%2Fv2%2Fcomments&post=1263"}],"version-history":[{"count":7,"href":"https:\/\/globalenachbarn.org\/index.php?rest_route=\/wp\/v2\/posts\/1263\/revisions"}],"predecessor-version":[{"id":2021,"href":"https:\/\/globalenachbarn.org\/index.php?rest_route=\/wp\/v2\/posts\/1263\/revisions\/2021"}],"wp:featuredmedia":[{"embeddable":true,"href":"https:\/\/globalenachbarn.org\/index.php?rest_route=\/wp\/v2\/media\/1265"}],"wp:attachment":[{"href":"https:\/\/globalenachbarn.org\/index.php?rest_route=%2Fwp%2Fv2%2Fmedia&parent=1263"}],"wp:term":[{"taxonomy":"category","embeddable":true,"href":"https:\/\/globalenachbarn.org\/index.php?rest_route=%2Fwp%2Fv2%2Fcategories&post=1263"},{"taxonomy":"post_tag","embeddable":true,"href":"https:\/\/globalenachbarn.org\/index.php?rest_route=%2Fwp%2Fv2%2Ftags&post=1263"}],"curies":[{"name":"wp","href":"https:\/\/api.w.org\/{rel}","templated":true}]}}