{"id":1281,"date":"2009-09-27T13:46:01","date_gmt":"2009-09-27T13:46:01","guid":{"rendered":"http:\/\/globalenachbarn.org\/?p=1281"},"modified":"2016-03-27T18:00:30","modified_gmt":"2016-03-27T18:00:30","slug":"patio-ist-fertig-gestellt","status":"publish","type":"post","link":"https:\/\/globalenachbarn.org\/?p=1281","title":{"rendered":"Patio ist fertig gestellt"},"content":{"rendered":"<p>Die \u00dcberdachung f\u00fcr einen Teil des Innenhofes kann seit August 2009 genutzt werden.<\/p>\n<p>Bereits Anfang 2008 sollten die Bauarbeiten f\u00fcr den Patio im Innenhof der Kindertagesst\u00e4tte beginnen.<\/p>\n<p><!--more--><\/p>\n<p><img loading=\"lazy\" decoding=\"async\" class=\"alignleft size-medium wp-image-1282\" src=\"http:\/\/globalenachbarn.org\/wp-content\/uploads\/2015\/12\/BaustellePatio-300x225.jpg\" alt=\"BaustellePatio\" width=\"300\" height=\"225\" srcset=\"https:\/\/globalenachbarn.org\/wp-content\/uploads\/2015\/12\/BaustellePatio-300x225.jpg 300w, https:\/\/globalenachbarn.org\/wp-content\/uploads\/2015\/12\/BaustellePatio-150x113.jpg 150w, https:\/\/globalenachbarn.org\/wp-content\/uploads\/2015\/12\/BaustellePatio.jpg 500w\" sizes=\"auto, (max-width: 300px) 100vw, 300px\" \/>Doch das Chaos in der kommunalen Verwaltung, die zumindest personell zu den Bauarbeiten beitragen sollte, verhinderte das. Im Juli 2008 ging es tats\u00e4chlich los, aber die Arbeiten mussten immer wieder unterbrochen werden, da der B\u00fcrgermeister die Bauleute nicht bezahlte. Globale Nachbarschaft hat in Kooperation mit der <a href=\"http:\/\/sov-veere.nl\/\" target=\"_blank\">S.O.V (Niederlande)<\/a> das Material f\u00fcr den Bau finanziert.<\/p>\n<p>Die Erzieher und Kinder k\u00f6nnen den \u00fcber\u00adda\u00adchten Innenhof mit einer Grundfl\u00e4che von 12 mal 12 Metern nun f\u00fcr verschiedene Zwecke nutzen:<\/p>\n<p>Spiel- und Sportplatz (gesch\u00fctzt vor der<img loading=\"lazy\" decoding=\"async\" class=\"alignright wp-image-1283 size-full\" src=\"http:\/\/globalenachbarn.org\/wp-content\/uploads\/2015\/12\/patioteilansicht.jpg\" alt=\"patioteilansicht\" width=\"400\" height=\"265\" srcset=\"https:\/\/globalenachbarn.org\/wp-content\/uploads\/2015\/12\/patioteilansicht.jpg 400w, https:\/\/globalenachbarn.org\/wp-content\/uploads\/2015\/12\/patioteilansicht-150x99.jpg 150w, https:\/\/globalenachbarn.org\/wp-content\/uploads\/2015\/12\/patioteilansicht-300x199.jpg 300w\" sizes=\"auto, (max-width: 400px) 100vw, 400px\" \/> hei\u00dfen Sonne)<\/p>\n<p>Schlaf- und Ruheraum zur Mittagszeit<\/p>\n<p>Vorf\u00fchrungen<\/p>\n<p>Versammlungen mit Eltern und anderen G\u00e4sten<\/p>\n<p>Tanz- und Kreisspiele<\/p>\n<p>Feste<\/p>\n","protected":false},"excerpt":{"rendered":"<p>Die \u00dcberdachung f\u00fcr einen Teil des Innenhofes kann seit August 2009 genutzt werden. Bereits Anfang 2008 sollten die Bauarbeiten f\u00fcr den Patio im Innenhof der Kindertagesst\u00e4tte beginnen.<\/p>\n","protected":false},"author":5,"featured_media":1284,"comment_status":"closed","ping_status":"closed","sticky":false,"template":"","format":"standard","meta":{"footnotes":""},"categories":[4],"tags":[],"class_list":["post-1281","post","type-post","status-publish","format-standard","has-post-thumbnail","hentry","category-gv"],"_links":{"self":[{"href":"https:\/\/globalenachbarn.org\/index.php?rest_route=\/wp\/v2\/posts\/1281","targetHints":{"allow":["GET"]}}],"collection":[{"href":"https:\/\/globalenachbarn.org\/index.php?rest_route=\/wp\/v2\/posts"}],"about":[{"href":"https:\/\/globalenachbarn.org\/index.php?rest_route=\/wp\/v2\/types\/post"}],"author":[{"embeddable":true,"href":"https:\/\/globalenachbarn.org\/index.php?rest_route=\/wp\/v2\/users\/5"}],"replies":[{"embeddable":true,"href":"https:\/\/globalenachbarn.org\/index.php?rest_route=%2Fwp%2Fv2%2Fcomments&post=1281"}],"version-history":[{"count":5,"href":"https:\/\/globalenachbarn.org\/index.php?rest_route=\/wp\/v2\/posts\/1281\/revisions"}],"predecessor-version":[{"id":2034,"href":"https:\/\/globalenachbarn.org\/index.php?rest_route=\/wp\/v2\/posts\/1281\/revisions\/2034"}],"wp:featuredmedia":[{"embeddable":true,"href":"https:\/\/globalenachbarn.org\/index.php?rest_route=\/wp\/v2\/media\/1284"}],"wp:attachment":[{"href":"https:\/\/globalenachbarn.org\/index.php?rest_route=%2Fwp%2Fv2%2Fmedia&parent=1281"}],"wp:term":[{"taxonomy":"category","embeddable":true,"href":"https:\/\/globalenachbarn.org\/index.php?rest_route=%2Fwp%2Fv2%2Fcategories&post=1281"},{"taxonomy":"post_tag","embeddable":true,"href":"https:\/\/globalenachbarn.org\/index.php?rest_route=%2Fwp%2Fv2%2Ftags&post=1281"}],"curies":[{"name":"wp","href":"https:\/\/api.w.org\/{rel}","templated":true}]}}