{"id":1581,"date":"2013-01-09T16:25:52","date_gmt":"2013-01-09T16:25:52","guid":{"rendered":"http:\/\/globalenachbarn.org\/?p=1581"},"modified":"2023-01-09T00:28:32","modified_gmt":"2023-01-09T00:28:32","slug":"die-efa-garrafao","status":"publish","type":"post","link":"https:\/\/globalenachbarn.org\/?p=1581","title":{"rendered":"Die EFA Garrafao"},"content":{"rendered":"\n<p>Den Kontakt zur landwirtschaftlichen Familienschule (EFA) in Garraf\u00e3o erhielten wir bereits 1997 durch den Leiter der Schule und ev.-luth. Pfarrer der Gemeinde Garraf\u00e3o, den Brasilianer Siegmund Berger.<\/p>\n\n\n\n<!--more-->\n\n\n<div class=\"wp-block-image\">\n<figure class=\"aligncenter\"><img loading=\"lazy\" decoding=\"async\" width=\"500\" height=\"332\" src=\"http:\/\/globalenachbarn.org\/wp-content\/uploads\/2016\/01\/SiegmundBerger-500x332.jpg\" alt=\"SiegmundBerger\" class=\"wp-image-1582\" srcset=\"https:\/\/globalenachbarn.org\/wp-content\/uploads\/2016\/01\/SiegmundBerger-500x332.jpg 500w, https:\/\/globalenachbarn.org\/wp-content\/uploads\/2016\/01\/SiegmundBerger-150x100.jpg 150w, https:\/\/globalenachbarn.org\/wp-content\/uploads\/2016\/01\/SiegmundBerger-300x199.jpg 300w, https:\/\/globalenachbarn.org\/wp-content\/uploads\/2016\/01\/SiegmundBerger-768x511.jpg 768w, https:\/\/globalenachbarn.org\/wp-content\/uploads\/2016\/01\/SiegmundBerger.jpg 1280w\" sizes=\"auto, (max-width: 500px) 100vw, 500px\" \/><\/figure><\/div>\n\n\n<h3 class=\"wp-block-heading\">Gr\u00fcndung des Ortes<\/h3>\n\n\n<div class=\"wp-block-image\">\n<figure class=\"aligncenter\"><img loading=\"lazy\" decoding=\"async\" width=\"800\" height=\"364\" src=\"http:\/\/globalenachbarn.org\/wp-content\/uploads\/2016\/01\/ga_stadt_panorama.jpg\" alt=\"ga_stadt_panorama\" class=\"wp-image-1583\" srcset=\"https:\/\/globalenachbarn.org\/wp-content\/uploads\/2016\/01\/ga_stadt_panorama.jpg 800w, https:\/\/globalenachbarn.org\/wp-content\/uploads\/2016\/01\/ga_stadt_panorama-150x68.jpg 150w, https:\/\/globalenachbarn.org\/wp-content\/uploads\/2016\/01\/ga_stadt_panorama-300x137.jpg 300w, https:\/\/globalenachbarn.org\/wp-content\/uploads\/2016\/01\/ga_stadt_panorama-768x349.jpg 768w, https:\/\/globalenachbarn.org\/wp-content\/uploads\/2016\/01\/ga_stadt_panorama-500x228.jpg 500w\" sizes=\"auto, (max-width: 800px) 100vw, 800px\" \/><\/figure><\/div>\n\n\n<p>Der Ort S\u00e3o Jo\u00e3o de Garraf\u00e3o befindet sich im Landesinneren des brasilianischen Bundesstaates Esp\u00edrito Santo. Vor etwa 150 Jahren kamen pommerische Einwanderer, die durch falsche Versprechungen angelockt worden waren, in diese Gegend. Um zu \u00fcberleben, mussten sie dem Urwald bebaubares Ackerland abgewinnen.<\/p>\n\n\n\n<p>Bis heute sind \u00fcber achtzig Prozent der Einwohner Nachfahren der Pommern und einiger ebenfalls eingewanderter Niederl\u00e4nder. In ihrem Gep\u00e4ck brachten die Einwanderer damals die Bibel, das Gesangbuch und den lutherischen Katechismus mit und bewahren diese bis heute. Die evangelische Kirche war und ist die bestimmende Instanz, die Struktur und Organisation, aber auch Zusammenhalt in der Region schafft. Au\u00dfer der Landwirtschaft gibt es in der Gegend nur wenige Erwerbsquellen, wenn man nicht in die gr\u00f6\u00dferen St\u00e4dte auswandern m\u00f6chte. In den zerstreut zwischen bewaldeten H\u00fcgeln liegenden D\u00f6rfern leben die Menschen daher \u00fcberwiegend von kleinb\u00e4uerlicher Landwirtschaft auf ihrem eigenen Feld.<\/p>\n\n\n\n<h3 class=\"wp-block-heading\">Gr\u00fcndung der EFA Garraf\u00e3o<\/h3>\n\n\n<div class=\"wp-block-image\">\n<figure class=\"aligncenter size-large\"><img loading=\"lazy\" decoding=\"async\" width=\"541\" height=\"362\" src=\"https:\/\/globalenachbarn.org\/wp-content\/uploads\/2023\/01\/efa_2003_panorama-edited.jpg\" alt=\"\" class=\"wp-image-3394\" srcset=\"https:\/\/globalenachbarn.org\/wp-content\/uploads\/2023\/01\/efa_2003_panorama-edited.jpg 541w, https:\/\/globalenachbarn.org\/wp-content\/uploads\/2023\/01\/efa_2003_panorama-edited-300x201.jpg 300w, https:\/\/globalenachbarn.org\/wp-content\/uploads\/2023\/01\/efa_2003_panorama-edited-500x335.jpg 500w, https:\/\/globalenachbarn.org\/wp-content\/uploads\/2023\/01\/efa_2003_panorama-edited-150x100.jpg 150w, https:\/\/globalenachbarn.org\/wp-content\/uploads\/2023\/01\/efa_2003_panorama-edited-390x261.jpg 390w\" sizes=\"auto, (max-width: 541px) 100vw, 541px\" \/><\/figure><\/div>\n\n\n<p>Als Pfarrer Siegmund Berger nach Garraf\u00e3o kam, gab es f\u00fcr die Jugendlichen in den D\u00f6rfern kaum die M\u00f6glichkeit, eine \u00fcber die Grundschule hinausgehende Schulausbildung zu erhalten. Angeregt von schon bestehenden Familienschulen in Esp\u00edrito Santo gr\u00fcndete er 1989 zusammen mit den Kleinbauern der Dorfgemeinschaften die EFA Garraf\u00e3o, \u00fcbernahm die Leitung der Schulung und konnte einige Mitarbeiter aus den D\u00f6rfern als Lehrer gewinnen.&nbsp;<\/p>\n\n\n\n<h3 class=\"wp-block-heading\">Tr\u00e4ger der EFA Garraf\u00e3o<\/h3>\n\n\n\n<p>Die Tr\u00e4gerschaft der Schule \u00fcbernahm ein Verein von Eltern sowie von ehemaligen und heutigen Sch\u00fclern. Die Sch\u00fcler und Sch\u00fclerinnen verbringen jeweils eine Woche in der EFA und eine Woche in ihren Familien. Neben den regul\u00e4ren F\u00e4chern erhalten sie in der Schule auch theoretischen und praktischen landwirtschaftlichen Unterricht. Durch den Internatsbetrieb wird den Sch\u00fclern aus entfernter liegenden D\u00f6rfern der Schulbesuch erst erm\u00f6glicht; die Eltern und Dorfgemeinschaften werden in die Arbeit der Schule eingebunden. Seit 2003 k\u00f6nnen die Sch\u00fcler an der EFA nicht nur die mittlere Reife, sondern auch das Abitur erwerben.<\/p>\n\n\n\n<h3 class=\"wp-block-heading\">Personeller Neubeginn<\/h3>\n\n\n<div class=\"wp-block-image\">\n<figure class=\"alignleft\"><img loading=\"lazy\" decoding=\"async\" width=\"257\" height=\"250\" src=\"http:\/\/globalenachbarn.org\/wp-content\/uploads\/2016\/01\/LogoEFA-Garrafao-257x250.jpg\" alt=\"LogoEFA-Garrafao\" class=\"wp-image-1585\" srcset=\"https:\/\/globalenachbarn.org\/wp-content\/uploads\/2016\/01\/LogoEFA-Garrafao-257x250.jpg 257w, https:\/\/globalenachbarn.org\/wp-content\/uploads\/2016\/01\/LogoEFA-Garrafao-150x146.jpg 150w, https:\/\/globalenachbarn.org\/wp-content\/uploads\/2016\/01\/LogoEFA-Garrafao-768x746.jpg 768w, https:\/\/globalenachbarn.org\/wp-content\/uploads\/2016\/01\/LogoEFA-Garrafao-500x486.jpg 500w, https:\/\/globalenachbarn.org\/wp-content\/uploads\/2016\/01\/LogoEFA-Garrafao.jpg 1226w\" sizes=\"auto, (max-width: 257px) 100vw, 257px\" \/><\/figure><\/div>\n\n\n<p>Nach dem Weggang Siegmund Bergers 2008 gab es in der EFA Garraf\u00e3o erhebliche personelle Engp\u00e4sse, die auch den Kontakt zu Globale Nachbarschaft beeintr\u00e4chtigten. Die zun\u00e4chst kommissarisch eingesetzte Schulleiterin, die Lehrerin Leonora Boone, zugleich Mitglied im Vorstand des Tr\u00e4gervereins, wurde schon nach kurzer Zeit an eine andere Schule versetzt. Ihre Nachfolge trat die hauptamtliche Schulleiterin und Lehrerin f\u00fcr Mathematik und Musik, Eleninha Schulz Peixoto, an. Inzwischen ist Leonora als Teilzeit-Lehrerin an die EFA zur\u00fcckgekehrt und k\u00fcmmert sich hauptverantwortlich um den Kontakt zu Globale Nachbarschaft. Dieser hat sich seither erheblich verbessert.<\/p>\n\n\n\n<h3 class=\"wp-block-heading\">Neuer Projektpartner, die Elternpflegschaft der Viktoriaschule Aachen<\/h3>\n\n\n<div class=\"wp-block-image\">\n<figure class=\"aligncenter size-large\"><img loading=\"lazy\" decoding=\"async\" width=\"500\" height=\"375\" src=\"https:\/\/globalenachbarn.org\/wp-content\/uploads\/2016\/09\/ga2015_essen_01-500x375.jpg\" alt=\"\" class=\"wp-image-2154\" srcset=\"https:\/\/globalenachbarn.org\/wp-content\/uploads\/2016\/09\/ga2015_essen_01-500x375.jpg 500w, https:\/\/globalenachbarn.org\/wp-content\/uploads\/2016\/09\/ga2015_essen_01-150x113.jpg 150w, https:\/\/globalenachbarn.org\/wp-content\/uploads\/2016\/09\/ga2015_essen_01-300x225.jpg 300w, https:\/\/globalenachbarn.org\/wp-content\/uploads\/2016\/09\/ga2015_essen_01-768x576.jpg 768w, https:\/\/globalenachbarn.org\/wp-content\/uploads\/2016\/09\/ga2015_essen_01.jpg 1900w\" sizes=\"auto, (max-width: 500px) 100vw, 500px\" \/><\/figure><\/div>\n\n\n<p>Ein funktionierender Austausch zwischen der Schule und Globale Nachbarschaft ist auch deshalb besonders wichtig, weil es seit 2008 eine Projektpartnerschaft zwischen der Elternpflegschaft der Viktoriaschule Aachen und der EFA in Garraf\u00e3o gibt. Diese kam auf Anregung eines Mitglieds von Globale Nachbarschaft zustande, das Lehrerin an der Viktoriaschule ist. Eine inzwischen 8-k\u00f6pfige Brasilien-AG sorgt mit einer selbstgefertigen Ausstellung und anderen Aktionen an der Viktoriaschule daf\u00fcr, dass das Projekt bekannt wird und ein reger Briefwechsel mit den Sch\u00fclern und Sch\u00fclerinnen der EFA Garraf\u00e3o stattfindet. Zudem erm\u00f6glichen eigens entwickelte Unterrichtsstunden einen altersgem\u00e4\u00dfen Zugang zur Thematik. Die Kollekten bei Schulgottesdiensten sowie die Einnahmen anl\u00e4sslich von Weihnachtskonzerten und Schulfesten werden ganz oder teilweise der EFA in Garraf\u00e3o zur Verf\u00fcgung gestellt. Die Projektpartnerschaft der Elternpflegschaft der Viktoriaschule wird von Globale Nachbarschaft unterst\u00fctzt.<\/p>\n","protected":false},"excerpt":{"rendered":"<p>Den Kontakt zur landwirtschaftlichen Familienschule (EFA) in Garraf\u00e3o erhielten wir bereits 1997 durch den Leiter der Schule und ev.-luth. Pfarrer der Gemeinde Garraf\u00e3o, den Brasilianer Siegmund Berger.<\/p>\n","protected":false},"author":5,"featured_media":0,"comment_status":"closed","ping_status":"closed","sticky":false,"template":"","format":"standard","meta":{"footnotes":""},"categories":[6,103],"tags":[],"class_list":["post-1581","post","type-post","status-publish","format-standard","hentry","category-ga","category-public"],"_links":{"self":[{"href":"https:\/\/globalenachbarn.org\/index.php?rest_route=\/wp\/v2\/posts\/1581","targetHints":{"allow":["GET"]}}],"collection":[{"href":"https:\/\/globalenachbarn.org\/index.php?rest_route=\/wp\/v2\/posts"}],"about":[{"href":"https:\/\/globalenachbarn.org\/index.php?rest_route=\/wp\/v2\/types\/post"}],"author":[{"embeddable":true,"href":"https:\/\/globalenachbarn.org\/index.php?rest_route=\/wp\/v2\/users\/5"}],"replies":[{"embeddable":true,"href":"https:\/\/globalenachbarn.org\/index.php?rest_route=%2Fwp%2Fv2%2Fcomments&post=1581"}],"version-history":[{"count":4,"href":"https:\/\/globalenachbarn.org\/index.php?rest_route=\/wp\/v2\/posts\/1581\/revisions"}],"predecessor-version":[{"id":3395,"href":"https:\/\/globalenachbarn.org\/index.php?rest_route=\/wp\/v2\/posts\/1581\/revisions\/3395"}],"wp:attachment":[{"href":"https:\/\/globalenachbarn.org\/index.php?rest_route=%2Fwp%2Fv2%2Fmedia&parent=1581"}],"wp:term":[{"taxonomy":"category","embeddable":true,"href":"https:\/\/globalenachbarn.org\/index.php?rest_route=%2Fwp%2Fv2%2Fcategories&post=1581"},{"taxonomy":"post_tag","embeddable":true,"href":"https:\/\/globalenachbarn.org\/index.php?rest_route=%2Fwp%2Fv2%2Ftags&post=1581"}],"curies":[{"name":"wp","href":"https:\/\/api.w.org\/{rel}","templated":true}]}}