{"id":1771,"date":"2016-02-21T14:43:33","date_gmt":"2016-02-21T14:43:33","guid":{"rendered":"http:\/\/globalenachbarn.org\/?p=1771"},"modified":"2017-05-17T11:28:48","modified_gmt":"2017-05-17T11:28:48","slug":"jahresbericht-vorstand-2015","status":"publish","type":"post","link":"https:\/\/globalenachbarn.org\/?p=1771","title":{"rendered":"Jahresbericht Vorstand 2015"},"content":{"rendered":"<h2>Jahresbericht 2015 des Vorstandes von Globale Nachbarschaft e.V.<\/h2>\n<p>Die Gesch\u00e4fte des Vereins f\u00fchrte der Vorstand, bestehend aus Maria B\u00fcscher (Vorsitzende), Rolf Segadlo (stellvertretender Vorsitzender) und Frauke Kl\u00f6ser (Kassenf\u00fchrerin). Zu diesem Bericht geh\u00f6ren die Aufstellung der <a href=\"http:\/\/globalenachbarn.org\/wp-content\/uploads\/2016\/02\/Jahresbericht2015.pdf\" target=\"_blank\" rel=\"noopener noreferrer\">Einnahmen und Ausgaben f\u00fcr das Jahr 2015<\/a> und die <a href=\"http:\/\/globalenachbarn.org\/wp-content\/uploads\/2016\/02\/Bilanz2015.pdf\" target=\"_blank\" rel=\"noopener noreferrer\">Bilanz der Buchungskonten.<\/a><\/p>\n<p><!--more--><\/p>\n<h2>F\u00f6rderung von Projekten in Sobradinho &#8211; BA, Brasilien<\/h2>\n<h3>Kindertagesst\u00e4tte Gente Valente (CGV)<\/h3>\n<p>Die Gruppenr\u00e4ume und das B\u00fcro im neuen Hortbereich sind fertig eingerichtet und werden gut genutzt.<br \/>\nBez\u00fcglich der Idee zur Zahlung von <strong>Sozialversicherungsbeitr\u00e4gen<\/strong> f\u00fcr einzelne Mitarbeiterinnen hat sich bei den Gespr\u00e4chen vor Ort im Sommer 2015 gekl\u00e4rt, dass diese leider keine M\u00f6glichkeit f\u00fcr eine Unterst\u00fctzung darstellt.<br \/>\nFinanziell unterst\u00fctzt hat GN die Kindertagesst\u00e4tte in diesem Jahr wieder im Bereich der <strong>allge<\/strong><strong>meinen Kosten<\/strong> mit einem Zuschuss von 2.500\u20ac. Dabei handelt es sich im wesentlichen um Ausgaben f\u00fcr Energie (Strom und Gas), Telefon und Verbrauchsmaterial.<\/p>\n\n\t\t<style type=\"text\/css\">\n\t\t\t#gallery-1 {\n\t\t\t\tmargin: auto;\n\t\t\t}\n\t\t\t#gallery-1 .gallery-item {\n\t\t\t\tfloat: left;\n\t\t\t\tmargin-top: 10px;\n\t\t\t\ttext-align: center;\n\t\t\t\twidth: 50%;\n\t\t\t}\n\t\t\t#gallery-1 img {\n\t\t\t\tborder: 2px solid #cfcfcf;\n\t\t\t}\n\t\t\t#gallery-1 .gallery-caption {\n\t\t\t\tmargin-left: 0;\n\t\t\t}\n\t\t\t\/* see gallery_shortcode() in wp-includes\/media.php *\/\n\t\t<\/style>\n\t\t<div id='gallery-1' class='gallery galleryid-1771 gallery-columns-2 gallery-size-medium'><dl class='gallery-item'>\n\t\t\t<dt class='gallery-icon landscape'>\n\t\t\t\t<a href='https:\/\/globalenachbarn.org\/?attachment_id=1780#main'><img loading=\"lazy\" decoding=\"async\" width=\"300\" height=\"225\" src=\"https:\/\/globalenachbarn.org\/wp-content\/uploads\/2016\/02\/KiTa_Geb\u00e4ude_Hort-300x225.jpg\" class=\"attachment-medium size-medium\" alt=\"\" srcset=\"https:\/\/globalenachbarn.org\/wp-content\/uploads\/2016\/02\/KiTa_Geb\u00e4ude_Hort-300x225.jpg 300w, https:\/\/globalenachbarn.org\/wp-content\/uploads\/2016\/02\/KiTa_Geb\u00e4ude_Hort-150x113.jpg 150w, https:\/\/globalenachbarn.org\/wp-content\/uploads\/2016\/02\/KiTa_Geb\u00e4ude_Hort-768x576.jpg 768w, https:\/\/globalenachbarn.org\/wp-content\/uploads\/2016\/02\/KiTa_Geb\u00e4ude_Hort-500x375.jpg 500w, https:\/\/globalenachbarn.org\/wp-content\/uploads\/2016\/02\/KiTa_Geb\u00e4ude_Hort.jpg 1132w\" sizes=\"auto, (max-width: 300px) 100vw, 300px\" \/><\/a>\n\t\t\t<\/dt><\/dl><dl class='gallery-item'>\n\t\t\t<dt class='gallery-icon landscape'>\n\t\t\t\t<a href='https:\/\/globalenachbarn.org\/?attachment_id=1782#main'><img loading=\"lazy\" decoding=\"async\" width=\"300\" height=\"225\" src=\"https:\/\/globalenachbarn.org\/wp-content\/uploads\/2016\/02\/Spielsachen_klein-300x225.jpg\" class=\"attachment-medium size-medium\" alt=\"\" aria-describedby=\"gallery-1-1782\" srcset=\"https:\/\/globalenachbarn.org\/wp-content\/uploads\/2016\/02\/Spielsachen_klein-300x225.jpg 300w, https:\/\/globalenachbarn.org\/wp-content\/uploads\/2016\/02\/Spielsachen_klein-150x113.jpg 150w, https:\/\/globalenachbarn.org\/wp-content\/uploads\/2016\/02\/Spielsachen_klein-768x576.jpg 768w, https:\/\/globalenachbarn.org\/wp-content\/uploads\/2016\/02\/Spielsachen_klein-500x375.jpg 500w, https:\/\/globalenachbarn.org\/wp-content\/uploads\/2016\/02\/Spielsachen_klein.jpg 1500w\" sizes=\"auto, (max-width: 300px) 100vw, 300px\" \/><\/a>\n\t\t\t<\/dt>\n\t\t\t\t<dd class='wp-caption-text gallery-caption' id='gallery-1-1782'>\n\t\t\t\tMitarbeiterraum\n\t\t\t\t<\/dd><\/dl><br style=\"clear: both\" \/><dl class='gallery-item'>\n\t\t\t<dt class='gallery-icon landscape'>\n\t\t\t\t<a href='https:\/\/globalenachbarn.org\/?attachment_id=1783#main'><img loading=\"lazy\" decoding=\"async\" width=\"300\" height=\"225\" src=\"https:\/\/globalenachbarn.org\/wp-content\/uploads\/2016\/02\/Klassenzimmer-300x225.png\" class=\"attachment-medium size-medium\" alt=\"\" aria-describedby=\"gallery-1-1783\" srcset=\"https:\/\/globalenachbarn.org\/wp-content\/uploads\/2016\/02\/Klassenzimmer-300x225.png 300w, https:\/\/globalenachbarn.org\/wp-content\/uploads\/2016\/02\/Klassenzimmer-150x112.png 150w, https:\/\/globalenachbarn.org\/wp-content\/uploads\/2016\/02\/Klassenzimmer-768x576.png 768w, https:\/\/globalenachbarn.org\/wp-content\/uploads\/2016\/02\/Klassenzimmer-500x375.png 500w, https:\/\/globalenachbarn.org\/wp-content\/uploads\/2016\/02\/Klassenzimmer.png 1031w\" sizes=\"auto, (max-width: 300px) 100vw, 300px\" \/><\/a>\n\t\t\t<\/dt>\n\t\t\t\t<dd class='wp-caption-text gallery-caption' id='gallery-1-1783'>\n\t\t\t\tGruppenraum\n\t\t\t\t<\/dd><\/dl><dl class='gallery-item'>\n\t\t\t<dt class='gallery-icon landscape'>\n\t\t\t\t<a href='https:\/\/globalenachbarn.org\/?attachment_id=1784#main'><img loading=\"lazy\" decoding=\"async\" width=\"300\" height=\"200\" src=\"https:\/\/globalenachbarn.org\/wp-content\/uploads\/2016\/02\/Grundschulkinder-300x200.jpg\" class=\"attachment-medium size-medium\" alt=\"\" srcset=\"https:\/\/globalenachbarn.org\/wp-content\/uploads\/2016\/02\/Grundschulkinder-300x200.jpg 300w, https:\/\/globalenachbarn.org\/wp-content\/uploads\/2016\/02\/Grundschulkinder-150x100.jpg 150w, https:\/\/globalenachbarn.org\/wp-content\/uploads\/2016\/02\/Grundschulkinder-768x512.jpg 768w, https:\/\/globalenachbarn.org\/wp-content\/uploads\/2016\/02\/Grundschulkinder-500x333.jpg 500w, https:\/\/globalenachbarn.org\/wp-content\/uploads\/2016\/02\/Grundschulkinder-690x462.jpg 690w, https:\/\/globalenachbarn.org\/wp-content\/uploads\/2016\/02\/Grundschulkinder-390x261.jpg 390w, https:\/\/globalenachbarn.org\/wp-content\/uploads\/2016\/02\/Grundschulkinder.jpg 1215w\" sizes=\"auto, (max-width: 300px) 100vw, 300px\" \/><\/a>\n\t\t\t<\/dt><\/dl><br style=\"clear: both\" \/>\n\t\t<\/div>\n\n<h3>Jugendzentrum Casa Antonita<\/h3>\n<p>Die <strong>Dach- und K\u00fcchensanierung<\/strong> am Geb\u00e4ude des Tagesheims f\u00fcr M\u00e4dchen, \u201eCasa das Adolescentes Antonita\u201c (CAA) wurde 2015 erfolgreich fertiggestellt. Da keinerlei Unterst\u00fctzung durch die Pr\u00e4fektur kam, wurden die von GN zur Verf\u00fcgung gestellten Mittel von 3000 Euro aufgebraucht und durch Arbeitseins\u00e4tze sowie Eigenarbeit erg\u00e4nzt.<\/p>\n<p>Das Casa Antonita betreute 2015 wieder im Schnitt 20 M\u00e4dchen im Alter von 11 bis 17 Jahren. GN unterst\u00fctzte die von der FAB getragene Einrichtung wie in den vorigen Jahren bei der <strong>Ern\u00e4hrung <\/strong>der M\u00e4dchen mit 1500\u20ac und den <strong>allgemeinen Kosten<\/strong> (Wasser, Verbrauchsmaterial, Material f\u00fcr Werkst\u00e4tten, K\u00fcche) inklusive des Betriebs des Computerraumes mit 1000\u20ac.<\/p>\n<div id=\"attachment_1786\" style=\"width: 310px\" class=\"wp-caption alignleft\"><img loading=\"lazy\" decoding=\"async\" aria-describedby=\"caption-attachment-1786\" class=\"wp-image-1786 size-medium\" src=\"http:\/\/globalenachbarn.org\/wp-content\/uploads\/2016\/02\/neueK\u00fcche-300x225.jpg\" alt=\"neueK\u00fcche\" width=\"300\" height=\"225\" srcset=\"https:\/\/globalenachbarn.org\/wp-content\/uploads\/2016\/02\/neueK\u00fcche-300x225.jpg 300w, https:\/\/globalenachbarn.org\/wp-content\/uploads\/2016\/02\/neueK\u00fcche-150x113.jpg 150w, https:\/\/globalenachbarn.org\/wp-content\/uploads\/2016\/02\/neueK\u00fcche-768x576.jpg 768w, https:\/\/globalenachbarn.org\/wp-content\/uploads\/2016\/02\/neueK\u00fcche-500x375.jpg 500w, https:\/\/globalenachbarn.org\/wp-content\/uploads\/2016\/02\/neueK\u00fcche.jpg 1132w\" sizes=\"auto, (max-width: 300px) 100vw, 300px\" \/><p id=\"caption-attachment-1786\" class=\"wp-caption-text\">Die neue K\u00fcche im CAA<\/p><\/div>\n<div id=\"attachment_1787\" style=\"width: 310px\" class=\"wp-caption alignright\"><img loading=\"lazy\" decoding=\"async\" aria-describedby=\"caption-attachment-1787\" class=\"wp-image-1787 size-medium\" src=\"http:\/\/globalenachbarn.org\/wp-content\/uploads\/2016\/02\/SpeiseraumCasaA-300x225.png\" alt=\"SpeiseraumCasaA\" width=\"300\" height=\"225\" srcset=\"https:\/\/globalenachbarn.org\/wp-content\/uploads\/2016\/02\/SpeiseraumCasaA-300x225.png 300w, https:\/\/globalenachbarn.org\/wp-content\/uploads\/2016\/02\/SpeiseraumCasaA-150x113.png 150w, https:\/\/globalenachbarn.org\/wp-content\/uploads\/2016\/02\/SpeiseraumCasaA-768x576.png 768w, https:\/\/globalenachbarn.org\/wp-content\/uploads\/2016\/02\/SpeiseraumCasaA-500x375.png 500w, https:\/\/globalenachbarn.org\/wp-content\/uploads\/2016\/02\/SpeiseraumCasaA.png 1500w\" sizes=\"auto, (max-width: 300px) 100vw, 300px\" \/><p id=\"caption-attachment-1787\" class=\"wp-caption-text\">Der Speiseraum ist auch bald fertig<\/p><\/div>\n<h3>Stiftung Antonita Bandres (FAB)<\/h3>\n<p>Als gemeinn\u00fctzige Stiftung ist die FAB zu einer ausf\u00fchrlichen <strong>Buchf\u00fchrung<\/strong> verpflichtet, f\u00fcr die sie professionelle Dienstleistungen ben\u00f6tigt. Au\u00dferdem fallen Geb\u00fchren f\u00fcr <strong>Kontof\u00fchrung<\/strong> und f\u00fcr zahlreiche amtliche Papiere und Beglaubigungen an. F\u00fcr diese Kosten gab GN wieder einen Zuschuss in H\u00f6he von 500\u20ac.<br \/>\nDa sich heraus gestellt hat, dass die <strong>Rechtsform einer Stiftung problematisch<\/strong> ist als Tr\u00e4gerschaft der beiden Einrichtungen Kita Gente Valente und M\u00e4dchenzentrum Casa Antonita, soll festgestellt werden, welche rechtlichen und organisatorischen Alternativen es gibt. Der Verwaltungsaufwand einer Stiftung ist riesig und kaum zu bew\u00e4ltigen. Zudem ist auch die Beantragung und Bewilligung von staatlichen Mitteln schwierig. Weiterhin soll gekl\u00e4rt werden, welche Anspr\u00fcche die Einrichtungen auf eine Unterst\u00fctzung durch die Pr\u00e4fektur haben und wie diese effizient eingefordert werden k\u00f6nnen.<br \/>\nEs wurde ein Anwalt gefunden, der sich bereit erkl\u00e4rt hat, unter dem \u00fcblichen Satz zu arbeiten und der auch nicht in irgendeiner Weise durch andere Klienten in Loyalit\u00e4tskonflikte kommt. Er hat Ende des Jahres 2015 mit seiner Analyse begonnen und hat daf\u00fcr 1500 Euro als Honorar festgelegt. In einem Vorstandsbeschluss am 1.November 2015 wurde die Arbeit des Anwalts als sehr notwendig f\u00fcr die Zukunftssicherung der Einrichtungen befunden und deshalb beschlossen, die <strong>Anwaltskosten<\/strong> f\u00fcr das Jahr 2015 im Rahmen des Verf\u00fcgungsrahmens des Vorstands zu bewilligen.<\/p>\n<h3>Projekt der gemeinschaftlichen Aktion Sobradinho (PACS)<\/h3>\n<p>Das Projekt bietet insgesamt etwa 150 Kindern und Jugendlichen zwischen 6 und 16 Jahren aus sozial schwachen Vierteln eine offene T\u00fcr. Die Aktivit\u00e4ten im Bereich Sport, kreatives Werken, Musik und Unterst\u00fctzung bei Hausaufgaben konnte der gemeinn\u00fctzige Verein 2015 wieder an f\u00fcnf Tagen pro Woche anbieten. GN hat 2015 f\u00fcr allgemeine Kosten wie Energie und Wasser sowie f\u00fcr Materialien der offenen Angebote mit sportlichen und kreativen Aktivit\u00e4ten einen Zuschuss von 500\u20ac \u00fcberwiesen. Bei der Delegationsfahrt im Sommer 2015 wurde die Einrichtung besucht. Die MitarbeiterInnen, die teilweise von der Pr\u00e4fektur gestellt werden oder auch ehrenamtlich t\u00e4tig sind, zeigen ein wertvolles Engagement. Die Nachfrage f\u00fcr Betreuungspl\u00e4tze ist gro\u00df, so dass die Einrichtung einen bestehenden Bedarf bedient und hierbei sehr sinnvolle Angebote macht.<\/p>\n\n\t\t<style type=\"text\/css\">\n\t\t\t#gallery-2 {\n\t\t\t\tmargin: auto;\n\t\t\t}\n\t\t\t#gallery-2 .gallery-item {\n\t\t\t\tfloat: left;\n\t\t\t\tmargin-top: 10px;\n\t\t\t\ttext-align: center;\n\t\t\t\twidth: 50%;\n\t\t\t}\n\t\t\t#gallery-2 img {\n\t\t\t\tborder: 2px solid #cfcfcf;\n\t\t\t}\n\t\t\t#gallery-2 .gallery-caption {\n\t\t\t\tmargin-left: 0;\n\t\t\t}\n\t\t\t\/* see gallery_shortcode() in wp-includes\/media.php *\/\n\t\t<\/style>\n\t\t<div id='gallery-2' class='gallery galleryid-1771 gallery-columns-2 gallery-size-medium'><dl class='gallery-item'>\n\t\t\t<dt class='gallery-icon landscape'>\n\t\t\t\t<a href='https:\/\/globalenachbarn.org\/?attachment_id=1789#main'><img loading=\"lazy\" decoding=\"async\" width=\"300\" height=\"225\" src=\"https:\/\/globalenachbarn.org\/wp-content\/uploads\/2016\/02\/Gebasteltes-300x225.jpg\" class=\"attachment-medium size-medium\" alt=\"\" srcset=\"https:\/\/globalenachbarn.org\/wp-content\/uploads\/2016\/02\/Gebasteltes-300x225.jpg 300w, https:\/\/globalenachbarn.org\/wp-content\/uploads\/2016\/02\/Gebasteltes-150x113.jpg 150w, https:\/\/globalenachbarn.org\/wp-content\/uploads\/2016\/02\/Gebasteltes-768x576.jpg 768w, https:\/\/globalenachbarn.org\/wp-content\/uploads\/2016\/02\/Gebasteltes-500x375.jpg 500w, https:\/\/globalenachbarn.org\/wp-content\/uploads\/2016\/02\/Gebasteltes.jpg 1500w\" sizes=\"auto, (max-width: 300px) 100vw, 300px\" \/><\/a>\n\t\t\t<\/dt><\/dl><dl class='gallery-item'>\n\t\t\t<dt class='gallery-icon landscape'>\n\t\t\t\t<a href='https:\/\/globalenachbarn.org\/?attachment_id=1788#main'><img loading=\"lazy\" decoding=\"async\" width=\"300\" height=\"225\" src=\"https:\/\/globalenachbarn.org\/wp-content\/uploads\/2016\/02\/Kinder_PACS-300x225.jpg\" class=\"attachment-medium size-medium\" alt=\"\" srcset=\"https:\/\/globalenachbarn.org\/wp-content\/uploads\/2016\/02\/Kinder_PACS-300x225.jpg 300w, https:\/\/globalenachbarn.org\/wp-content\/uploads\/2016\/02\/Kinder_PACS-150x113.jpg 150w, https:\/\/globalenachbarn.org\/wp-content\/uploads\/2016\/02\/Kinder_PACS-768x576.jpg 768w, https:\/\/globalenachbarn.org\/wp-content\/uploads\/2016\/02\/Kinder_PACS-500x375.jpg 500w, https:\/\/globalenachbarn.org\/wp-content\/uploads\/2016\/02\/Kinder_PACS.jpg 1500w\" sizes=\"auto, (max-width: 300px) 100vw, 300px\" \/><\/a>\n\t\t\t<\/dt><\/dl><br style=\"clear: both\" \/>\n\t\t<\/div>\n\n<h3>Landwirtschaftliche Familienschule (EFA) in Garraf\u00e3o &#8211; ES, Brasilien<\/h3>\n<p>Im April 2015 stellte die EFA einen Antrag auf Unterst\u00fctzung f\u00fcr die <strong>seit langem notwendige <\/strong><strong>Sanierung der Sanit\u00e4ranlagen im Schulgeb\u00e4ude.<\/strong> Urspr\u00fcnglich war diese Ma\u00dfnahme mit Geldern der Bundesregierung aus Vit\u00f3ria geplant, von deren Bereitstellung sich die neu gew\u00e4hlte Regierung dann aber wieder distanziert hat. Der Antrag an GN umfasste die Erneuerung der Rohrleitungen und der Elektrizit\u00e4t im Bereich der Sanit\u00e4ranlagen sowie die Anschaffung und den Einbau von T\u00fcren, Waschbecken, Bodenfliesen und die Ausbesserung der Treppen. Au\u00dferdem sollte die Bibliothek mit W\u00f6rterb\u00fcchern und Jugendliteratur ausgestattet werden. Der Tr\u00e4gerverein APEAEFA der Schule leistete seinen Beitrag (ungef\u00e4hr die H\u00e4lfte der anfallenden Kosten) mit dem Erl\u00f6s des Erdbeermarktes und Arbeitseins\u00e4tzen der Eltern, Sch\u00fcler und Mitarbeiter. GN stellte 6000 Euro f\u00fcr diese Ma\u00dfnahmen zur Verf\u00fcgung. Es wurden inzwischen neben Sanit\u00e4rbereich und Treppenhaus auch noch die Gemeinschaftsr\u00e4ume im Erdgeschoss renoviert, insbesondere der Speise- und Aufenthaltsraum. Einige Arbeiten sind noch im Gange und werden voraussichtlich 2016 ihren Abschluss finden. Darum sollen die verbliebenen 1170 Euro als R\u00fccklage f\u00fcr diese Zwecke dienen.<\/p>\n\n\t\t<style type=\"text\/css\">\n\t\t\t#gallery-3 {\n\t\t\t\tmargin: auto;\n\t\t\t}\n\t\t\t#gallery-3 .gallery-item {\n\t\t\t\tfloat: left;\n\t\t\t\tmargin-top: 10px;\n\t\t\t\ttext-align: center;\n\t\t\t\twidth: 50%;\n\t\t\t}\n\t\t\t#gallery-3 img {\n\t\t\t\tborder: 2px solid #cfcfcf;\n\t\t\t}\n\t\t\t#gallery-3 .gallery-caption {\n\t\t\t\tmargin-left: 0;\n\t\t\t}\n\t\t\t\/* see gallery_shortcode() in wp-includes\/media.php *\/\n\t\t<\/style>\n\t\t<div id='gallery-3' class='gallery galleryid-1771 gallery-columns-2 gallery-size-medium'><dl class='gallery-item'>\n\t\t\t<dt class='gallery-icon landscape'>\n\t\t\t\t<a href='https:\/\/globalenachbarn.org\/?attachment_id=1791#main'><img loading=\"lazy\" decoding=\"async\" width=\"300\" height=\"225\" src=\"https:\/\/globalenachbarn.org\/wp-content\/uploads\/2016\/02\/Schimmel-300x225.jpg\" class=\"attachment-medium size-medium\" alt=\"\" aria-describedby=\"gallery-3-1791\" srcset=\"https:\/\/globalenachbarn.org\/wp-content\/uploads\/2016\/02\/Schimmel-300x225.jpg 300w, https:\/\/globalenachbarn.org\/wp-content\/uploads\/2016\/02\/Schimmel-150x113.jpg 150w, https:\/\/globalenachbarn.org\/wp-content\/uploads\/2016\/02\/Schimmel-768x576.jpg 768w, https:\/\/globalenachbarn.org\/wp-content\/uploads\/2016\/02\/Schimmel-500x375.jpg 500w, https:\/\/globalenachbarn.org\/wp-content\/uploads\/2016\/02\/Schimmel.jpg 1132w\" sizes=\"auto, (max-width: 300px) 100vw, 300px\" \/><\/a>\n\t\t\t<\/dt>\n\t\t\t\t<dd class='wp-caption-text gallery-caption' id='gallery-3-1791'>\n\t\t\t\t&#8230; vorher aus.\n\t\t\t\t<\/dd><\/dl><dl class='gallery-item'>\n\t\t\t<dt class='gallery-icon landscape'>\n\t\t\t\t<a href='https:\/\/globalenachbarn.org\/?attachment_id=1793#main'><img loading=\"lazy\" decoding=\"async\" width=\"300\" height=\"169\" src=\"https:\/\/globalenachbarn.org\/wp-content\/uploads\/2016\/02\/neuerSanit\u00e4rbereich1-300x169.jpg\" class=\"attachment-medium size-medium\" alt=\"\" aria-describedby=\"gallery-3-1793\" srcset=\"https:\/\/globalenachbarn.org\/wp-content\/uploads\/2016\/02\/neuerSanit\u00e4rbereich1-300x169.jpg 300w, https:\/\/globalenachbarn.org\/wp-content\/uploads\/2016\/02\/neuerSanit\u00e4rbereich1-150x84.jpg 150w, https:\/\/globalenachbarn.org\/wp-content\/uploads\/2016\/02\/neuerSanit\u00e4rbereich1-768x432.jpg 768w, https:\/\/globalenachbarn.org\/wp-content\/uploads\/2016\/02\/neuerSanit\u00e4rbereich1-500x281.jpg 500w, https:\/\/globalenachbarn.org\/wp-content\/uploads\/2016\/02\/neuerSanit\u00e4rbereich1.jpg 1215w\" sizes=\"auto, (max-width: 300px) 100vw, 300px\" \/><\/a>\n\t\t\t<\/dt>\n\t\t\t\t<dd class='wp-caption-text gallery-caption' id='gallery-3-1793'>\n\t\t\t\tund so nach der Sanierung\n\t\t\t\t<\/dd><\/dl><br style=\"clear: both\" \/><dl class='gallery-item'>\n\t\t\t<dt class='gallery-icon landscape'>\n\t\t\t\t<a href='https:\/\/globalenachbarn.org\/?attachment_id=1792#main'><img loading=\"lazy\" decoding=\"async\" width=\"300\" height=\"169\" src=\"https:\/\/globalenachbarn.org\/wp-content\/uploads\/2016\/02\/Arbeitseinsatz2-300x169.jpg\" class=\"attachment-medium size-medium\" alt=\"\" aria-describedby=\"gallery-3-1792\" srcset=\"https:\/\/globalenachbarn.org\/wp-content\/uploads\/2016\/02\/Arbeitseinsatz2-300x169.jpg 300w, https:\/\/globalenachbarn.org\/wp-content\/uploads\/2016\/02\/Arbeitseinsatz2-150x84.jpg 150w, https:\/\/globalenachbarn.org\/wp-content\/uploads\/2016\/02\/Arbeitseinsatz2-768x432.jpg 768w, https:\/\/globalenachbarn.org\/wp-content\/uploads\/2016\/02\/Arbeitseinsatz2-500x281.jpg 500w, https:\/\/globalenachbarn.org\/wp-content\/uploads\/2016\/02\/Arbeitseinsatz2.jpg 1215w\" sizes=\"auto, (max-width: 300px) 100vw, 300px\" \/><\/a>\n\t\t\t<\/dt>\n\t\t\t\t<dd class='wp-caption-text gallery-caption' id='gallery-3-1792'>\n\t\t\t\tArbeitseinsatz der Sch\u00fcler\n\t\t\t\t<\/dd><\/dl>\n\t\t\t<br style='clear: both' \/>\n\t\t<\/div>\n\n<p>Da es noch zweckgebundene <strong>Mittel f\u00fcr den \u00f6kologischen Landbau<\/strong> der EFA in H\u00f6he von 720 Euro gibt, pr\u00fcft der Vorstand, ob sich diese f\u00fcr \u00e4hnliche Zwecke einsetzen lassen. Im Herbst hat ein Brand auf dem Gel\u00e4nde der Schule einen Teil der Felder vernichtet. Diese Situation und Probleme durch die derzeitige politische Lage haben dazu gef\u00fchrt, dass bisher kein Projekt im Rahmen des \u00f6kologischen Landbaus vorliegt. Falls dies auch im kommenden Jahr nicht der Fall ist, erw\u00e4gt der Vorstand, Mittel bei der vergleichbaren Einrichtung in Sobradinho (Landwirtschaftliche Familienschule Sobradinho EFAS) f\u00fcr ein Ziegenstallprojekt einzusetzen.<\/p>\n<h3>Vereins- und \u00d6ffentlichkeitsarbeit in Deutschland<\/h3>\n<p>Die <strong>interne Arbeit<\/strong> des Vereins fand in zwei <strong>Mitgliederversammlungen<\/strong> (Februar und Mai) und in einer Reihe von kleineren Vereinstreffen bzw. Vorstandssitzungen statt. Die Aufwendungen f\u00fcr Vereinspost, Internetseiten, Dankeskarten an Spender u.\u00e4. lagen mit insgesamt 151\u20ac wieder sehr deutlich unter den eingenommenen Mitgliedsbeitr\u00e4gen.<br \/>\nZwei <strong>Veranstaltungen<\/strong> von GN dienten der <strong>Begegnung<\/strong> untereinander und mit anderen Menschen, die den Anliegen des Vereins nahe stehen oder sich daf\u00fcr interessieren: das Begegnungswochenende in Aachen-Rolleferberg vom 30.10. bis zum 1.11.2015 mit einem Besuch des Tierparks und das gemeinsame Programm mit Sch\u00fclern der EFA Garraf\u00e3o, die an einem einj\u00e4hrigen Austauschprogramm des Landes Niedersachsens teilnehmen. Beide Veranstaltungen wurden privat oder durch Teilnehmerbeitr\u00e4ge finanziert.<\/p>\n<p>Das gro\u00dfe Engagement von Mitgliedern insbesondere in der <strong>Kirchengemeinde Hoffnungsthal\/<\/strong><strong>Forsbach,<\/strong> in der <strong>Viktoriaschule Aachen<\/strong> und im <strong>Einhard-Gymnasium Aachen<\/strong> erm\u00f6glichte es, viele Jugendliche in den Einsatz f\u00fcr die Menschen in Brasilien einzubeziehen und die Unterst\u00fctzung zahlreicher Spender zu gewinnen.<\/p>\n<p style=\"text-align: left;\">Der Vorstand<\/p>\n<p>im Original gez. Maria B\u00fcscher, Vorsitzende \u00a0\u00a0\u00a0\u00a0\u00a0\u00a0\u00a0\u00a0\u00a0\u00a0\u00a0\u00a0\u00a0\u00a0\u00a0\u00a0\u00a0\u00a0\u00a0\u00a0\u00a0\u00a0\u00a0\u00a0\u00a0\u00a0\u00a0\u00a0\u00a0\u00a0 Overath, 29.Januar 2016<\/p>\n","protected":false},"excerpt":{"rendered":"<p>Jahresbericht 2015 des Vorstandes von Globale Nachbarschaft e.V. Die Gesch\u00e4fte des Vereins f\u00fchrte der Vorstand, bestehend aus Maria B\u00fcscher (Vorsitzende), Rolf Segadlo (stellvertretender Vorsitzender) und Frauke Kl\u00f6ser (Kassenf\u00fchrerin). Zu diesem <a class=\"more-link\" href=\"https:\/\/globalenachbarn.org\/?p=1771\">Weiter lesen \u2192<\/a><\/p>\n","protected":false},"author":5,"featured_media":0,"comment_status":"closed","ping_status":"closed","sticky":false,"template":"","format":"standard","meta":{"footnotes":""},"categories":[80,2,75],"tags":[],"class_list":["post-1771","post","type-post","status-publish","format-standard","hentry","category-gn-aktuell","category-verein","category-vereinschronik"],"_links":{"self":[{"href":"https:\/\/globalenachbarn.org\/index.php?rest_route=\/wp\/v2\/posts\/1771","targetHints":{"allow":["GET"]}}],"collection":[{"href":"https:\/\/globalenachbarn.org\/index.php?rest_route=\/wp\/v2\/posts"}],"about":[{"href":"https:\/\/globalenachbarn.org\/index.php?rest_route=\/wp\/v2\/types\/post"}],"author":[{"embeddable":true,"href":"https:\/\/globalenachbarn.org\/index.php?rest_route=\/wp\/v2\/users\/5"}],"replies":[{"embeddable":true,"href":"https:\/\/globalenachbarn.org\/index.php?rest_route=%2Fwp%2Fv2%2Fcomments&post=1771"}],"version-history":[{"count":15,"href":"https:\/\/globalenachbarn.org\/index.php?rest_route=\/wp\/v2\/posts\/1771\/revisions"}],"predecessor-version":[{"id":2246,"href":"https:\/\/globalenachbarn.org\/index.php?rest_route=\/wp\/v2\/posts\/1771\/revisions\/2246"}],"wp:attachment":[{"href":"https:\/\/globalenachbarn.org\/index.php?rest_route=%2Fwp%2Fv2%2Fmedia&parent=1771"}],"wp:term":[{"taxonomy":"category","embeddable":true,"href":"https:\/\/globalenachbarn.org\/index.php?rest_route=%2Fwp%2Fv2%2Fcategories&post=1771"},{"taxonomy":"post_tag","embeddable":true,"href":"https:\/\/globalenachbarn.org\/index.php?rest_route=%2Fwp%2Fv2%2Ftags&post=1771"}],"curies":[{"name":"wp","href":"https:\/\/api.w.org\/{rel}","templated":true}]}}