{"id":1932,"date":"2016-03-22T15:47:35","date_gmt":"2016-03-22T15:47:35","guid":{"rendered":"http:\/\/globalenachbarn.org\/?p=1932"},"modified":"2023-01-09T00:39:39","modified_gmt":"2023-01-09T00:39:39","slug":"rundgang-durch-gente-valente","status":"publish","type":"post","link":"https:\/\/globalenachbarn.org\/?p=1932","title":{"rendered":"Rundgang durch Gente Valente"},"content":{"rendered":"\n<p>Die Kindertagesst\u00e4tte begann auf einem kleinen Privatgrundst\u00fcck mit einem Geb\u00e4ude. \u00dcber die Jahre konnte die Stiftung zwei Nachbargrundst\u00fccke hinzukaufen und mit Unterst\u00fctzung von GN und weiteren Partnern die Geb\u00e4ude erweitern. <strong>F\u00fcnf Bereiche<\/strong> bieten heute Gelegenheit f\u00fcr verschiedene Altersgruppen und Aktivit\u00e4ten: Krippe, Kindergarten, Vorschule, Innenhof zum Spielen und Essraum mit K\u00fcche.<\/p>\n\n\n\n<!--more-->\n\n\n\n<h2 class=\"wp-block-heading\">Krippe<\/h2>\n\n\n\n<figure class=\"wp-block-image alignnone\"><a href=\"http:\/\/globalenachbarn.org\/wp-content\/uploads\/2007\/12\/SchlafraumKrippe.jpg\" rel=\"attachment wp-att-1301\"><img loading=\"lazy\" decoding=\"async\" width=\"300\" height=\"225\" src=\"http:\/\/globalenachbarn.org\/wp-content\/uploads\/2007\/12\/SchlafraumKrippe-300x225.jpg\" alt=\"der neue Schlafraum der Krippe\" class=\"wp-image-1301\" srcset=\"https:\/\/globalenachbarn.org\/wp-content\/uploads\/2007\/12\/SchlafraumKrippe-300x225.jpg 300w, https:\/\/globalenachbarn.org\/wp-content\/uploads\/2007\/12\/SchlafraumKrippe-150x113.jpg 150w, https:\/\/globalenachbarn.org\/wp-content\/uploads\/2007\/12\/SchlafraumKrippe.jpg 500w\" sizes=\"auto, (max-width: 300px) 100vw, 300px\" \/><\/a><figcaption class=\"wp-element-caption\">Der Schlafraum der Krippe<\/figcaption><\/figure>\n\n\n\n<h2 class=\"wp-block-heading\">Kindergarten<\/h2>\n\n\n\n<figure class=\"wp-block-image alignnone\"><a href=\"http:\/\/globalenachbarn.org\/wp-content\/uploads\/2016\/01\/cgv2008_gruppe_lego.jpg\" rel=\"attachment wp-att-1633\"><img loading=\"lazy\" decoding=\"async\" width=\"300\" height=\"200\" src=\"http:\/\/globalenachbarn.org\/wp-content\/uploads\/2016\/01\/cgv2008_gruppe_lego-300x200.jpg\" alt=\"cgv2008_gruppe_lego\" class=\"wp-image-1633\" srcset=\"https:\/\/globalenachbarn.org\/wp-content\/uploads\/2016\/01\/cgv2008_gruppe_lego-300x200.jpg 300w, https:\/\/globalenachbarn.org\/wp-content\/uploads\/2016\/01\/cgv2008_gruppe_lego-150x100.jpg 150w, https:\/\/globalenachbarn.org\/wp-content\/uploads\/2016\/01\/cgv2008_gruppe_lego-768x511.jpg 768w, https:\/\/globalenachbarn.org\/wp-content\/uploads\/2016\/01\/cgv2008_gruppe_lego-500x333.jpg 500w, https:\/\/globalenachbarn.org\/wp-content\/uploads\/2016\/01\/cgv2008_gruppe_lego-690x462.jpg 690w, https:\/\/globalenachbarn.org\/wp-content\/uploads\/2016\/01\/cgv2008_gruppe_lego-390x261.jpg 390w, https:\/\/globalenachbarn.org\/wp-content\/uploads\/2016\/01\/cgv2008_gruppe_lego.jpg 800w\" sizes=\"auto, (max-width: 300px) 100vw, 300px\" \/><\/a><figcaption class=\"wp-element-caption\">Gruppenraum mit Spielen f\u00fcr 2 bis 6 J\u00e4hrige<\/figcaption><\/figure>\n\n\n\n<h2 class=\"wp-block-heading\">Hort f\u00fcr Grundsch\u00fcler<\/h2>\n\n\n<div class=\"wp-block-image\">\n<figure class=\"alignleft size-large is-resized\"><img loading=\"lazy\" decoding=\"async\" src=\"https:\/\/globalenachbarn.org\/wp-content\/uploads\/2015\/12\/hortgeb\u00e4ude-klein-500x375.jpg\" alt=\"\" class=\"wp-image-1163\" width=\"239\" height=\"180\" srcset=\"https:\/\/globalenachbarn.org\/wp-content\/uploads\/2015\/12\/hortgeb\u00e4ude-klein-500x375.jpg 500w, https:\/\/globalenachbarn.org\/wp-content\/uploads\/2015\/12\/hortgeb\u00e4ude-klein-150x113.jpg 150w, https:\/\/globalenachbarn.org\/wp-content\/uploads\/2015\/12\/hortgeb\u00e4ude-klein-300x225.jpg 300w, https:\/\/globalenachbarn.org\/wp-content\/uploads\/2015\/12\/hortgeb\u00e4ude-klein-768x576.jpg 768w, https:\/\/globalenachbarn.org\/wp-content\/uploads\/2015\/12\/hortgeb\u00e4ude-klein.jpg 1000w\" sizes=\"auto, (max-width: 239px) 100vw, 239px\" \/><figcaption class=\"wp-element-caption\">so sieht das fertige, neue Hortgeb\u00e4ude aus<\/figcaption><\/figure><\/div>\n\n<div class=\"wp-block-image\">\n<figure class=\"alignright size-large is-resized\"><img loading=\"lazy\" decoding=\"async\" src=\"https:\/\/globalenachbarn.org\/wp-content\/uploads\/2016\/04\/Kita_Kinder6-500x375.jpg\" alt=\"\" class=\"wp-image-2065\" width=\"244\" height=\"183\" srcset=\"https:\/\/globalenachbarn.org\/wp-content\/uploads\/2016\/04\/Kita_Kinder6-500x375.jpg 500w, https:\/\/globalenachbarn.org\/wp-content\/uploads\/2016\/04\/Kita_Kinder6-150x113.jpg 150w, https:\/\/globalenachbarn.org\/wp-content\/uploads\/2016\/04\/Kita_Kinder6-300x225.jpg 300w, https:\/\/globalenachbarn.org\/wp-content\/uploads\/2016\/04\/Kita_Kinder6-768x576.jpg 768w, https:\/\/globalenachbarn.org\/wp-content\/uploads\/2016\/04\/Kita_Kinder6.jpg 1024w\" sizes=\"auto, (max-width: 244px) 100vw, 244px\" \/><figcaption class=\"wp-element-caption\">Das neu errichtete Geb\u00e4ude bietet drei Gruppenr\u00e4ume, ein B\u00fcro f\u00fcr die Leitung und einen Materialraum<\/figcaption><\/figure><\/div>\n\n\n<h2 class=\"wp-block-heading\">Innenhof<\/h2>\n\n\n\n<figure class=\"wp-block-image alignnone is-resized\"><a href=\"http:\/\/globalenachbarn.org\/wp-content\/uploads\/2015\/12\/patioteilansicht.jpg\" rel=\"attachment wp-att-1283\"><img loading=\"lazy\" decoding=\"async\" src=\"http:\/\/globalenachbarn.org\/wp-content\/uploads\/2015\/12\/patioteilansicht-300x199.jpg\" alt=\"Ein Teil des Innenhofs ist \u00fcberdacht f\u00fcr Sport, Versammlungen und Spiele\" class=\"wp-image-1283\" width=\"500\" height=\"331\" srcset=\"https:\/\/globalenachbarn.org\/wp-content\/uploads\/2015\/12\/patioteilansicht-300x199.jpg 300w, https:\/\/globalenachbarn.org\/wp-content\/uploads\/2015\/12\/patioteilansicht-150x99.jpg 150w, https:\/\/globalenachbarn.org\/wp-content\/uploads\/2015\/12\/patioteilansicht.jpg 400w\" sizes=\"auto, (max-width: 500px) 100vw, 500px\" \/><\/a><figcaption class=\"wp-element-caption\">Ein Teil des Innenhofs ist \u00fcberdacht f\u00fcr Sport, Versammlungen und Spiele<\/figcaption><\/figure>\n\n\n\n<h2 class=\"wp-block-heading\">Essraum und K\u00fcche<\/h2>\n\n\n<div class=\"wp-block-image\">\n<figure class=\"alignleft size-large\"><img loading=\"lazy\" decoding=\"async\" width=\"500\" height=\"375\" src=\"https:\/\/globalenachbarn.org\/wp-content\/uploads\/2016\/04\/neuerEssraum-500x375.jpg\" alt=\"\" class=\"wp-image-2061\" srcset=\"https:\/\/globalenachbarn.org\/wp-content\/uploads\/2016\/04\/neuerEssraum-500x375.jpg 500w, https:\/\/globalenachbarn.org\/wp-content\/uploads\/2016\/04\/neuerEssraum-150x113.jpg 150w, https:\/\/globalenachbarn.org\/wp-content\/uploads\/2016\/04\/neuerEssraum-300x225.jpg 300w, https:\/\/globalenachbarn.org\/wp-content\/uploads\/2016\/04\/neuerEssraum-768x576.jpg 768w, https:\/\/globalenachbarn.org\/wp-content\/uploads\/2016\/04\/neuerEssraum.jpg 1600w\" sizes=\"auto, (max-width: 500px) 100vw, 500px\" \/><figcaption class=\"wp-element-caption\">Der Essraum mit Durchreiche zur K\u00fcche<\/figcaption><\/figure><\/div>","protected":false},"excerpt":{"rendered":"<p>Die Kindertagesst\u00e4tte begann auf einem kleinen Privatgrundst\u00fcck mit einem Geb\u00e4ude. \u00dcber die Jahre konnte die Stiftung zwei Nachbargrundst\u00fccke hinzukaufen und mit Unterst\u00fctzung von GN und weiteren Partnern die Geb\u00e4ude erweitern. <a class=\"more-link\" href=\"https:\/\/globalenachbarn.org\/?p=1932\">Weiter lesen \u2192<\/a><\/p>\n","protected":false},"author":2,"featured_media":0,"comment_status":"closed","ping_status":"closed","sticky":false,"template":"","format":"standard","meta":{"footnotes":""},"categories":[4,103],"tags":[78],"class_list":["post-1932","post","type-post","status-publish","format-standard","hentry","category-gv","category-public","tag-zu-ueberarbeiten"],"_links":{"self":[{"href":"https:\/\/globalenachbarn.org\/index.php?rest_route=\/wp\/v2\/posts\/1932","targetHints":{"allow":["GET"]}}],"collection":[{"href":"https:\/\/globalenachbarn.org\/index.php?rest_route=\/wp\/v2\/posts"}],"about":[{"href":"https:\/\/globalenachbarn.org\/index.php?rest_route=\/wp\/v2\/types\/post"}],"author":[{"embeddable":true,"href":"https:\/\/globalenachbarn.org\/index.php?rest_route=\/wp\/v2\/users\/2"}],"replies":[{"embeddable":true,"href":"https:\/\/globalenachbarn.org\/index.php?rest_route=%2Fwp%2Fv2%2Fcomments&post=1932"}],"version-history":[{"count":7,"href":"https:\/\/globalenachbarn.org\/index.php?rest_route=\/wp\/v2\/posts\/1932\/revisions"}],"predecessor-version":[{"id":3403,"href":"https:\/\/globalenachbarn.org\/index.php?rest_route=\/wp\/v2\/posts\/1932\/revisions\/3403"}],"wp:attachment":[{"href":"https:\/\/globalenachbarn.org\/index.php?rest_route=%2Fwp%2Fv2%2Fmedia&parent=1932"}],"wp:term":[{"taxonomy":"category","embeddable":true,"href":"https:\/\/globalenachbarn.org\/index.php?rest_route=%2Fwp%2Fv2%2Fcategories&post=1932"},{"taxonomy":"post_tag","embeddable":true,"href":"https:\/\/globalenachbarn.org\/index.php?rest_route=%2Fwp%2Fv2%2Ftags&post=1932"}],"curies":[{"name":"wp","href":"https:\/\/api.w.org\/{rel}","templated":true}]}}