{"id":2216,"date":"2017-02-12T15:03:02","date_gmt":"2017-02-12T15:03:02","guid":{"rendered":"http:\/\/globalenachbarn.org\/?p=2216"},"modified":"2017-02-12T15:15:35","modified_gmt":"2017-02-12T15:15:35","slug":"jahresbericht-vorstand-2016","status":"publish","type":"post","link":"https:\/\/globalenachbarn.org\/?p=2216","title":{"rendered":"Jahresbericht Vorstand 2016"},"content":{"rendered":"<h2>Jahresbericht 2016 des Vorstandes von Globale Nachbarschaft e.V.<\/h2>\n<p>Die Gesch\u00e4fte des Vereins f\u00fchrte der Vorstand, bestehend aus Maria B\u00fcscher (Vorsitzen\u00adde), Rolf Segadlo (stellvertretender Vorsitzender) und Frauke Kl\u00f6ser (Kassenf\u00fchrerin). Zu diesem Bericht geh\u00f6ren die <a href=\"http:\/\/globalenachbarn.org\/wp-content\/uploads\/2017\/02\/Jahresbericht2016.pdf\">Aufstellung der Einnahmen und Ausgaben f\u00fcr das Jahr 2016<\/a> und die <a href=\"http:\/\/globalenachbarn.org\/wp-content\/uploads\/2017\/02\/Bilanz2016.pdf\">Bilanz der Bu\u00adchungskonten<\/a>.<\/p>\n<p><!--more--><\/p>\n<h2>F\u00f6rderung von Projekten in Sobradinho &#8211; BA, Brasilien<\/h2>\n<h3>Stiftung Antonita Bandres (FAB)<\/h3>\n<p>Die Stiftung Antonita Bandres ist als Tr\u00e4ger der beiden Einrichtungen Kindertagesst\u00e4tte und Jugendzentrum der Partner von Globale Nachbarschaft in Sobradinho. Da es wegen der politischen Situation und der Rechtsform der Stiftung Probleme gab, wurde Ende 2015 ein Rechtsbeistand gesucht. Der Anwalt Marcos Souza Filho aus Casa Nova hatte f\u00fcr 2016 einen dreiteiligen Auftrag: Er sollte \u00fcberpr\u00fcfen, ob die Rechtsform der Stiftung den aktuellen rechtlichen Standards entspricht oder eine \u00c4nderung der Rechtsform n\u00f6tig und m\u00f6glich ist. Zum zweiten sollte er die Rechtsanspr\u00fcche bei der Pr\u00e4fektur pr\u00fcfen und durchsetzen sowie drittens kl\u00e4ren, in welcher Form Sponsorenvereinbarungen mit Firmen getroffen werden k\u00f6nnen. Die Mitgliederversammlung im Februar 2016 hat den Vorstandsbeschluss von November 2015 im Nachhinein best\u00e4tigt, die Anwaltskosten mit einer Pauschale von 1500 Euro zu tragen.<br \/>\nDer beauftragte Anwalt konnte kl\u00e4ren, dass eine \u00c4nderung der Rechtsform des Tr\u00e4gers nicht m\u00f6glich ist. Des weiteren wurde er bei der Pr\u00e4fektur vorstellig, weil aus Abrechnungen hervorging, dass Geld aus Brasilia, welches f\u00fcr Schulspeisung vorgesehen war, f\u00fcr \u00fcberteuerte Lebensmittel ausgegeben wurde. Im M\u00e4rz 2016 erfolgte daraufhin ein Stadtratsbeschluss \u00fcber 15000 Reais (ca.4500 Euro), die der Kindertagesst\u00e4tte zukommen sollten. Bevor es allerdings zur Auszahlung kam, wurde der Beschluss mit Hinweis auf das Wahlgesetz ausgesetzt. Die Vorsitzende Marta de Souza hat als Reaktion darauf Klage auf Umsetzung des Ratsbeschlusses eingereicht. Inzwischen ist der neue Pr\u00e4fekt gew\u00e4hlt, da es sich aber um denselben handelt, der in seiner letzten Legislaturperiode seine Versprechen nicht gehalten hat, stehen der Stiftung z\u00e4he und wenig erfolgversprechende Verhandlungen bevor.<br \/>\nWegen der ausbleibenden Auszahlung der Geldmittel durch die Pr\u00e4fektur, musste im Jahr 2016 vielfach improvisiert und auch angeschrieben werden. Zum Gl\u00fcck gibt es verschiedene Unterst\u00fctzergruppen, die die Arbeit der Stiftungseinrichtungen auch in diesem Jahr finanziell gef\u00f6rdert haben, so dass die Schulden beglichen werden konnten.<br \/>\nAls gemeinn\u00fctzige Stiftung ist die FAB zu einer ausf\u00fchrlichen <strong>Buchf\u00fchrung<\/strong> verpflichtet, f\u00fcr die sie professionelle Dienstleistungen ben\u00f6tigt. Au\u00dferdem fallen Geb\u00fchren f\u00fcr <strong>Kontof\u00fchrung<\/strong> und f\u00fcr zahlreiche amtliche Papiere und Beglaubigungen an. F\u00fcr diese Kosten gab GN wieder einen Zuschuss in H\u00f6he von 700\u20ac.<\/p>\n<h3>Kindertagesst\u00e4tte Gente Valente (CGV)<\/h3>\n<p>Die Kindertagesst\u00e4tte betreut in Krippe, Kindergarten und Hort weiterhin ca.160 S\u00e4uglinge, Kleinkinder und Grundsch\u00fcler. F\u00fcr die <strong>allgemeinen Kosten<\/strong> der Kindertagesst\u00e4tte hat GN in diesem Jahr 2.000\u20ac Zuschuss ge\u00adgeben. Dabei handelt es sich im wesentlichen um Kosten f\u00fcr Energie (Strom und Gas), Telefon und Verbrauchsmaterial des Haushaltes und der Kinder.<\/p>\n<h3>Jugendzentrum Casa Antonita<\/h3>\n<p>Das Casa Antonita (CAA), betreute 2016 wieder im Schnitt 20 M\u00e4dchen im Alter von 11 bis 17 Jahren. GN unterst\u00fctzte die von der FAB getragene Ein\u00adrichtung wie in den vorigen Jahren bei der <strong>Ern\u00e4hrung<\/strong> der M\u00e4dchen mit 1500\u20ac und den <strong>allgemeinen Kosten<\/strong> (Wasser, Verbrauchsmaterial, Material f\u00fcr Werkst\u00e4tten, K\u00fcche) mit 800\u20ac inklusive des Computerraumes.<\/p>\n<h3>Projekt der gemeinschaftlichen Aktion Sobradinho (PACS)<\/h3>\n<p>Das Projekt betreut etwa 150 Kinder und Jugendliche zwischen 6 und 16 Jahren neben deren Schulbesuch. Da der Tr\u00e4gerverein keine konkreten Anliegen an GN formuliert hat, wurde die bereits beschlossene Unterst\u00fctzung von 300 Euro nicht ausgezahlt.<\/p>\n<h3>Landwirtschaftliche Familienschule (EFA) in Garraf\u00e3o &#8211; ES, Brasilien<\/h3>\n<p>Die Landwirtschaftliche Familienschule stand in 2016 vor der gro\u00dfen Aufgabe, die <strong>Erneuerung der Genehmigung f\u00fcr die Oberstufe und die Berufsqualifikation<\/strong> zu erreichen. Daf\u00fcr musste ein umfangreiches didaktisches Konzept eingereicht werden, dessen Erstellung viele Kr\u00e4fte gebunden hat.<br \/>\nLeider brach dann im Herbst 2016 die brasilianische B\u00fcrokratie in ihrer ganzen H\u00e4rte \u00fcber die Schule ein: Die <strong>Geb\u00e4ude<\/strong>, die im Ursprung ein staatliches Bauprojekt waren, werden auf ihre Voraussetzungen \u00fcberpr\u00fcft hinsichtlich der versch\u00e4rften Auflagen. Allein f\u00fcr die Planung der n\u00f6tigen Bauma\u00dfnahmen wurden Kosten im f\u00fcnfstelligen Bereich (Euro) veranschlagt. Da der gesamte Aufwand und Rahmen der <strong>zu erf\u00fcllenden Auflagen<\/strong> unklar ist, wurden zun\u00e4chst alle Bauma\u00dfnahmen gestoppt und beschlossen, abzuwarten bis der neue Pr\u00e4fekt sein Amt antritt.<br \/>\nDie Spenden von 720,67 Euro, die f\u00fcr den \u00f6kologischen Landbau der Schule vorgesehen waren, k\u00f6nnen nicht in absehbarer Zeit f\u00fcr diesen Zweck verwendet werden. Deshalb beschlie\u00dft der Vorstand das entsprechende Buchungskonto aufzul\u00f6sen und das <strong>Geld f\u00fcr den Bedarf der Schule einzusetzen ohne Bindung an den \u00f6kologischen Landbau<\/strong>.<\/p>\n<h2>Vereins- und \u00d6ffentlichkeitsarbeit in Deutschland<\/h2>\n<p>Die <strong>interne Arbeit<\/strong> des Vereins fand in einer <strong>Mitgliederversammlung<\/strong> (Februar) und in einer Reihe von kleineren Vereinstreffen bzw. Vorstandssitzungen statt. Die Aufwendun\u00adgen f\u00fcr Vereinspost, Internetseiten, Dankeskarten an Spender u.\u00e4. lagen mit insgesamt 167\u20ac wieder sehr deutlich unter den eingenommenen Mitgliedsbeitr\u00e4gen.<br \/>\nZwei <strong>Veranstaltungen<\/strong> von GN dienten der <strong>Begegnung<\/strong> untereinander und mit anderen Men\u00adschen, die den Anliegen des Vereins nahe stehen oder sich daf\u00fcr interessieren: Thementag Brasilien im Juli und ein Thementag mit dem Verein Perspectiva im Oktober. Beide Veranstaltungen wurden privat finanziert.<br \/>\nDas gro\u00dfe Engagement von Mitgliedern insbesondere in der <strong>Kirchengemeinde Hoffnungs\u00adthal\/Forsbach <\/strong>und in der <strong>Viktoriaschule Aachen<\/strong> erm\u00f6glichte es, Jugendliche in den Einsatz f\u00fcr die Menschen in Brasilien einzubeziehen und die Unterst\u00fct\u00adzung zahlreicher Spender zu gewinnen.<\/p>\n<p>Der Vorstand\u00a0\u00a0\u00a0\u00a0\u00a0\u00a0\u00a0\u00a0\u00a0\u00a0\u00a0\u00a0\u00a0\u00a0\u00a0\u00a0\u00a0\u00a0\u00a0\u00a0\u00a0\u00a0\u00a0\u00a0\u00a0\u00a0\u00a0\u00a0\u00a0\u00a0\u00a0\u00a0\u00a0\u00a0\u00a0\u00a0\u00a0\u00a0\u00a0\u00a0\u00a0\u00a0\u00a0\u00a0\u00a0\u00a0 \u00a0 \u00a0 \u00a0\u00a0\u00a0 Overath, 16.Januar 2017<\/p>\n<p>im Original gez. Maria B\u00fcscher, Vorsitzende<\/p>\n","protected":false},"excerpt":{"rendered":"<p>Jahresbericht 2016 des Vorstandes von Globale Nachbarschaft e.V. Die Gesch\u00e4fte des Vereins f\u00fchrte der Vorstand, bestehend aus Maria B\u00fcscher (Vorsitzen\u00adde), Rolf Segadlo (stellvertretender Vorsitzender) und Frauke Kl\u00f6ser (Kassenf\u00fchrerin). Zu diesem <a class=\"more-link\" href=\"https:\/\/globalenachbarn.org\/?p=2216\">Weiter lesen \u2192<\/a><\/p>\n","protected":false},"author":5,"featured_media":0,"comment_status":"closed","ping_status":"closed","sticky":false,"template":"","format":"standard","meta":{"footnotes":""},"categories":[80,2,75],"tags":[],"class_list":["post-2216","post","type-post","status-publish","format-standard","hentry","category-gn-aktuell","category-verein","category-vereinschronik"],"_links":{"self":[{"href":"https:\/\/globalenachbarn.org\/index.php?rest_route=\/wp\/v2\/posts\/2216","targetHints":{"allow":["GET"]}}],"collection":[{"href":"https:\/\/globalenachbarn.org\/index.php?rest_route=\/wp\/v2\/posts"}],"about":[{"href":"https:\/\/globalenachbarn.org\/index.php?rest_route=\/wp\/v2\/types\/post"}],"author":[{"embeddable":true,"href":"https:\/\/globalenachbarn.org\/index.php?rest_route=\/wp\/v2\/users\/5"}],"replies":[{"embeddable":true,"href":"https:\/\/globalenachbarn.org\/index.php?rest_route=%2Fwp%2Fv2%2Fcomments&post=2216"}],"version-history":[{"count":6,"href":"https:\/\/globalenachbarn.org\/index.php?rest_route=\/wp\/v2\/posts\/2216\/revisions"}],"predecessor-version":[{"id":2227,"href":"https:\/\/globalenachbarn.org\/index.php?rest_route=\/wp\/v2\/posts\/2216\/revisions\/2227"}],"wp:attachment":[{"href":"https:\/\/globalenachbarn.org\/index.php?rest_route=%2Fwp%2Fv2%2Fmedia&parent=2216"}],"wp:term":[{"taxonomy":"category","embeddable":true,"href":"https:\/\/globalenachbarn.org\/index.php?rest_route=%2Fwp%2Fv2%2Fcategories&post=2216"},{"taxonomy":"post_tag","embeddable":true,"href":"https:\/\/globalenachbarn.org\/index.php?rest_route=%2Fwp%2Fv2%2Ftags&post=2216"}],"curies":[{"name":"wp","href":"https:\/\/api.w.org\/{rel}","templated":true}]}}