{"id":2255,"date":"2018-03-18T12:45:18","date_gmt":"2018-03-18T12:45:18","guid":{"rendered":"http:\/\/globalenachbarn.org\/?p=2255"},"modified":"2022-12-28T15:08:03","modified_gmt":"2022-12-28T15:08:03","slug":"jahresbericht-vorstand-2017","status":"publish","type":"post","link":"https:\/\/globalenachbarn.org\/?p=2255","title":{"rendered":"Jahresbericht Vorstand 2017"},"content":{"rendered":"<h2>Jahresbericht 2017 des Vorstandes von Globale Nachbarschaft e.V.<\/h2>\n<p>Die Gesch\u00e4fte des Vereins f\u00fchrte der Vorstand, bestehend aus Maria B\u00fcscher (Vorsitzen\u00adde), Rolf Segadlo (stellvertretender Vorsitzender) und Frauke Kl\u00f6ser (Kassenf\u00fchrerin). Zu diesem Bericht geh\u00f6ren die <a href=\"http:\/\/globalenachbarn.org\/wp-content\/uploads\/2018\/03\/Jahresbericht2017.pdf\" target=\"_blank\" rel=\"noopener\"><strong>Aufstellung der Einnahmen und Ausgaben<\/strong><\/a> f\u00fcr das Jahr 2017 und die <a href=\"http:\/\/globalenachbarn.org\/wp-content\/uploads\/2018\/03\/Bilanz2017.pdf\" target=\"_blank\" rel=\"noopener\"><strong>Bilanz der Bu\u00adchungskonten<\/strong>.<\/a><\/p>\n<p>Mit 802,15 Euro wird der Maximalbetrag von 10% der freien R\u00fccklage zugewiesen. Die sachgebundenen R\u00fccklagen werden in den Kurzberichten zu den einzelnen Projekten ausgewiesen und begr\u00fcndet.<\/p>\n<p><!--more--><\/p>\n<h3>F\u00f6rderung von Projekten in Sobradinho &#8211; BA, Brasilien<\/h3>\n<p>Da der Pr\u00e4fekt der letzten Legislaturperiode wiedergew\u00e4hlt wurde, bleibt das Verh\u00e4ltnis der von uns gef\u00f6rderten Einrichtungen zur Kommunalbeh\u00f6rde weiter angespannt. Die Klage der Stiftung bei Gericht gegen den Pr\u00e4fekten wegen nicht ausgezahlter Gelder ist noch anh\u00e4ngig. Obwohl das Geld per Stadtratbeschluss zugesagt war, hat der Pr\u00e4fekt mit Berufung auf das Wahlgesetz die Auszahlung verweigert. Nach langem Ringen sind in der zweiten Jahresh\u00e4lfte 2017 endlich die durch das Ern\u00e4hrungsprogramm des Bundes in Brasilia bereits l\u00e4ngst der Kommune \u00fcbermittelten Gelder an die Stiftung ausgezahlt worden. Ansonsten stagniert die Auseinandersetzung und von der Kommune selbst gibt es keinerlei Unterst\u00fctzung.<\/p>\n<h3>Stiftung Antonita Bandres (FAB)<\/h3>\n<p>Als gemeinn\u00fctzige Stiftung ist die FAB zu einer ausf\u00fchrlichen <strong>Buchf\u00fchrung<\/strong> verpflichtet, f\u00fcr die sie professionelle Dienstleistungen ben\u00f6tigt. Au\u00dferdem fallen Geb\u00fchren f\u00fcr <strong>Kontof\u00fchrung<\/strong> und f\u00fcr zahlreiche amtliche Papiere und Beglaubigungen an. F\u00fcr diese Kosten gab GN 2017 wieder einen Zuschuss in H\u00f6he von 700\u20ac.<\/p>\n<p>Die Aufwendungen der Stiftung beruhen fast ausschlie\u00dflich auf Buchf\u00fchrungs- und Rechenschaftspflichten, die aufgrund der Tr\u00e4gerschaft der Kindertagesst\u00e4tte entstehen. Dementsprechend sollen in Zukunft die Stiftungskosten durch zweckgebundene Spenden f\u00fcr die Einrichtung Gente Valente finanziert werden.<\/p>\n<h3>Kindertagesst\u00e4tte Gente Valente (CGV)<\/h3>\n<p>Die Zahl der Kinder, die in der Einrichtung Gente Valente betreut werden, steigt weiterhin an. Wie Marta Moreira bei ihrem Besuch in Deutschlang nochmals eindringlich geschildert hat, ist die Lage vieler Familien in Sobradinho so schwierig, dass sie sich keinen staatlichen Kindergartenplatz leisten k\u00f6nnen und die Kinder oftmals nicht betreut und schlecht ern\u00e4hrt sind. Diese Situation f\u00fchrt dazu, dass die Kitaleiterin es nicht \u00fcbers Herz bringt, diese Kinder abzulehnen.<\/p>\n<p>F\u00fcr die <strong>allgemeinen Kosten<\/strong> der Kindertagesst\u00e4tte hat GN in diesem Jahr 2.000\u20ac Zuschuss ge\u00adgeben. Dabei handelt es sich im wesentlichen um Kosten f\u00fcr Energie (Strom und Gas), Telefon und Verbrauchsmaterial.<\/p>\n<p>Dieser Betrag wird in Zukunft wohl nicht mehr ausreichen und sollte aufgestockt werden. Aus dem Mehrbedarf aufgrund der Stiftungskosten (s.o.) und der stetig wachsenden Einrichtung ergibt sich, dass die projektgebundenen Einnahmen von 2146,15 Euro komplett in die R\u00fccklage f\u00fcr dieses Projekt gehen.<\/p>\n<h3>Jugendzentrum Casa Antonita<\/h3>\n<p>Trotz der einschneidenden personellen Ver\u00e4nderungen der letzten Jahre gelingt es Candida (einer Tochter von Marta Moreira), die Arbeit der Einrichtung Casa Antonita in reduzierter Form fort zu f\u00fchren. Da es weiterhin keinerlei Aussicht auf Mittel f\u00fcr die Ern\u00e4hrung der M\u00e4dchen gibt, werden die 907,17 Euro aus dem Einnahmen\u00fcberschuss von 2017 dem Jugendzentrum zugewiesen.<\/p>\n<p>GN unterst\u00fctzte die ebenfalls von der FAB getragene Ein\u00adrichtung wie in den vorigen Jahren bei der <strong>Ern\u00e4hrung<\/strong> der M\u00e4dchen mit 1500\u20ac und den <strong>allgemeinen Kosten<\/strong> (Wasser, Verbrauchsmaterial, Material f\u00fcr Werkst\u00e4tten, K\u00fcche einschlie\u00dflich Computerraum) mit 800\u20ac.<\/p>\n<p>Da f\u00fcr den Computerraum zur Zeit kein Bedarf an Geldern besteht und die laufenden Kosten in Zukunft dem reduzierten Betrieb des Hauses angepasst werden k\u00f6nnen, werden hier voraussichtlich Gelder frei, die der Kita zugeschrieben werden k\u00f6nnen.<\/p>\n<h3>Landwirtschaftliche Familienschule (EFA) in Garraf\u00e3o &#8211; ES, Brasilien<\/h3>\n<p>Wie schon im vorangehenden Jahresbericht geschildert, geht weiterhin sehr viel Energie und Zeit der dortigen Mitarbeiter in die Auseinandersetzung mit den <strong>beh\u00f6rdlichen Auflagen<\/strong>, die die weitere Genehmigung des Schulbetriebs gef\u00e4hrden. Immerhin ist das Problem gel\u00f6st, wie allein die Kosten f\u00fcr die Planung der<strong> notwendigen Um- und Ausbauma\u00dfnahmen<\/strong> in den Bereichen Brandschutz, Barrierefreiheit und Haustechnik beglichen werden k\u00f6nnen. Hier konnte die zust\u00e4ndige kommunale Beh\u00f6rde (Pr\u00e4fektur) in die Pflicht genommen werden. Da sich die finanziellen Aufwendungen f\u00fcr die Planung und sp\u00e4tere Ausf\u00fchrung der Ma\u00dfnahmen im hohen f\u00fcnfstelligen Bereich befinden, tr\u00fcge ein Beitrag von GN hier wenig zur L\u00f6sung der Probleme bei. Die Leitung und der Tr\u00e4gerverein der Schule m\u00fcssen daf\u00fcr andere Geldgeber finden.<\/p>\n<p>Dagegen k\u00f6nnen anschlie\u00dfende Projekte, wie die <strong>Ausstattung der neuen R\u00e4umlichkeiten<\/strong> \u2013 besonders f\u00fcr den naturwissenschaftlichen und praktischen Unterricht \u2013 dann wieder im Rahmen der M\u00f6glichkeiten unseres Vereins liegen.<\/p>\n<p>Bei den Gespr\u00e4chen im Rahmen des Delegationsbesuches stellte sich heraus, dass die <strong>\u00dcberlegungen zu Sch\u00fclerprojekten<\/strong> zwar momentan wegen der hohen Dringlichkeit der Umbauma\u00dfnahmen hinten an stehen, aber durchaus eine realistische Perspektive f\u00fcr die Zeit danach sind.<\/p>\n<p>Beide Ma\u00dfnahmen rechtfertigen den Umstand, dass die sachgebundene R\u00fccklage um die f\u00fcr die EFA gespendeten 338,30 Euro weiter aufgestockt wird.<\/p>\n<h3>Vereins- und \u00d6ffentlichkeitsarbeit in Deutschland<\/h3>\n<p>Als <strong>interne Arbeit<\/strong> des Vereins fanden eine <strong>Mitgliederversammlung<\/strong> (Februar) und eine Reihe von <strong>Vereinstreffen<\/strong> statt. In diesem Jahr sind keinerlei Aufwendungen f\u00fcr Vereinspost und Website entstanden.<\/p>\n<p>Das <strong>Begegnungswochenende<\/strong> in der Jugendherberge Gerolstein zusammen mit dem Verein Perspectiva fand im M\u00e4rz statt und wurde einschlie\u00dflich der Mitgliedschaft im Jugendherbergswerk durch Teilnehmerbeitr\u00e4ge finanziert.<\/p>\n<p>Die Besuche von <strong>Delegationen aus Sobradino und Garraf\u00e3o<\/strong> wurden f\u00fcr <strong>Veranstaltungen der \u00d6ffentlichkeitsarbeit<\/strong> genutzt und haben die Kontakte zu weiteren Unterst\u00fctzergruppen in <strong>Veere<\/strong> (Eine-Welt-Gruppe SOV) und in <strong>Wachtendonk<\/strong> (katholische Kirchengemeinde) vertieft. Die entstandenen Kosten f\u00fcr die Bef\u00f6rderung der Delegation zu den entsprechenden Orten und die Raummiete in der Evangelischen Studierendengemeinde von insgesamt 407,08 Euro sind durch Mitgliedsbeitr\u00e4ge gedeckt.<\/p>\n<p>Abschlie\u00dfend bleibt das weiterhin gro\u00dfe Engagement von Jugendlichen sowie Erwachsenen der <strong>katholischen Kirchengemeinde Hoffnungs\u00adthal<\/strong> und der <strong>Viktoriaschule Aachen<\/strong> heraus zu stellen.<\/p>\n<p>Der Vorstand\u00a0\u00a0\u00a0\u00a0\u00a0\u00a0\u00a0\u00a0\u00a0\u00a0\u00a0\u00a0\u00a0\u00a0\u00a0\u00a0\u00a0\u00a0\u00a0\u00a0\u00a0\u00a0\u00a0\u00a0\u00a0\u00a0\u00a0\u00a0\u00a0\u00a0\u00a0\u00a0\u00a0\u00a0\u00a0\u00a0\u00a0\u00a0\u00a0\u00a0\u00a0\u00a0\u00a0\u00a0\u00a0\u00a0\u00a0\u00a0\u00a0\u00a0\u00a0\u00a0\u00a0\u00a0\u00a0\u00a0\u00a0\u00a0\u00a0\u00a0\u00a0 \u00a0 \u00a0 \u00a0 \u00a0\u00a0 \u00a0\u00a0\u00a0 Overath, 06.Februar 2018<\/p>\n<p>im Original gez.\u00a0\u00a0\u00a0 Maria B\u00fcscher, Vorsitzende<\/p>\n","protected":false},"excerpt":{"rendered":"<p>Jahresbericht 2017 des Vorstandes von Globale Nachbarschaft e.V. Die Gesch\u00e4fte des Vereins f\u00fchrte der Vorstand, bestehend aus Maria B\u00fcscher (Vorsitzen\u00adde), Rolf Segadlo (stellvertretender Vorsitzender) und Frauke Kl\u00f6ser (Kassenf\u00fchrerin). Zu diesem <a class=\"more-link\" href=\"https:\/\/globalenachbarn.org\/?p=2255\">Weiter lesen \u2192<\/a><\/p>\n","protected":false},"author":5,"featured_media":0,"comment_status":"closed","ping_status":"closed","sticky":false,"template":"","format":"standard","meta":{"footnotes":""},"categories":[2,75],"tags":[],"class_list":["post-2255","post","type-post","status-publish","format-standard","hentry","category-verein","category-vereinschronik"],"_links":{"self":[{"href":"https:\/\/globalenachbarn.org\/index.php?rest_route=\/wp\/v2\/posts\/2255","targetHints":{"allow":["GET"]}}],"collection":[{"href":"https:\/\/globalenachbarn.org\/index.php?rest_route=\/wp\/v2\/posts"}],"about":[{"href":"https:\/\/globalenachbarn.org\/index.php?rest_route=\/wp\/v2\/types\/post"}],"author":[{"embeddable":true,"href":"https:\/\/globalenachbarn.org\/index.php?rest_route=\/wp\/v2\/users\/5"}],"replies":[{"embeddable":true,"href":"https:\/\/globalenachbarn.org\/index.php?rest_route=%2Fwp%2Fv2%2Fcomments&post=2255"}],"version-history":[{"count":3,"href":"https:\/\/globalenachbarn.org\/index.php?rest_route=\/wp\/v2\/posts\/2255\/revisions"}],"predecessor-version":[{"id":2266,"href":"https:\/\/globalenachbarn.org\/index.php?rest_route=\/wp\/v2\/posts\/2255\/revisions\/2266"}],"wp:attachment":[{"href":"https:\/\/globalenachbarn.org\/index.php?rest_route=%2Fwp%2Fv2%2Fmedia&parent=2255"}],"wp:term":[{"taxonomy":"category","embeddable":true,"href":"https:\/\/globalenachbarn.org\/index.php?rest_route=%2Fwp%2Fv2%2Fcategories&post=2255"},{"taxonomy":"post_tag","embeddable":true,"href":"https:\/\/globalenachbarn.org\/index.php?rest_route=%2Fwp%2Fv2%2Ftags&post=2255"}],"curies":[{"name":"wp","href":"https:\/\/api.w.org\/{rel}","templated":true}]}}