{"id":3037,"date":"2022-10-11T19:28:14","date_gmt":"2022-10-11T19:28:14","guid":{"rendered":"https:\/\/globalenachbarn.org\/?p=3037"},"modified":"2023-08-13T13:02:58","modified_gmt":"2023-08-13T13:02:58","slug":"die-soziale-wirklichkeit-tag-20","status":"publish","type":"post","link":"https:\/\/globalenachbarn.org\/?p=3037","title":{"rendered":"Die soziale Wirklichkeit"},"content":{"rendered":"\n<p>Sobradinho, 10.10.2023<\/p>\n\n\n\n<p>Diesen Tag beginnen wir recht fr\u00fch in Gente Valente. Dort beginnt jeder Morgen mit einer Andacht f\u00fcr die Mitarbeiterinnen. Das Team von jeweils einer der verschiedenen Gruppen bereitet sie reihum vor.<br>W\u00e4hrenddessen trudeln die Kinder ein. Nicht jedem f\u00e4llt es leicht, sich von der Mutter zu l\u00f6sen. Aber allzu viel Zeit, dem Kind &#8222;\u00fcber die Schwelle&#8220; zu helfen, bleibt nicht. Daf\u00fcr sind es schlicht zu viele Kinder. Ich stehe etwas unschl\u00fcssig herum. Christiane &#8222;schubst&#8220; mich in einen der Gruppenr\u00e4ume und ich setze mich in den Kreis der Kinder. Das M\u00e4dchen, das neben mir sitzt, staunt mich an und nimmt die kommenden 10 Minuten nicht mehr den Blick von mir. Gebete und Lieder, begleitet von Bewegungen f\u00fcllen die 20 Minuten bis zu einer ersten Mahlzeit. Es gibt Obst und einfache Kekse. Ich vermute f\u00fcr etliche der Kinder ist es wirklich die erste Mahlzeit.<\/p>\n\n\n\n<p>In Brasilien liebt man nicht nur Uniformen, sondern auch Hymnen; und es gibt viele: f\u00fcr Brasilien, Bahia, Sobradinho, Kinder \u2026 So nehmen alle in dem gro\u00dfen Patio Aufstellung und es wird kr\u00e4ftig geschmettert. Aber man merkt, dass gerade die kleinsten, schnell m\u00fcde werden oder es noch sind\u2026<\/p>\n\n\n\n<h3 class=\"wp-block-heading\">Besuch bei den &#8222;speziellen&#8220; Kindern<\/h3>\n\n\n\n<p>Nach einem Zwischenstopp in der Casa Antonita fahren Guido und ich zu einer Betreuungseinrichtung f\u00fcr Menschen mit starken Einschr\u00e4nkungen, der APAE. Menschen mit Behinderung nennt man in Brasilien auch &#8222;pessoas especais&#8220;, spezielle Menschen. Guido wurde von einer Mitarbeiterin hierhin eingeladen. Die Einrichtung kooperiert in einigen Dingen mit der Kindertagesst\u00e4tte Gente Valente. Einige Kinder von hier hat Gente Valente in der Corona-Zeit aufgenommen. Ein M\u00e4dchen wollte partout nicht mehr weg. Ein paar Mal im Jahr gibt es gegenseitige Besuche mit gemeinsamen Aktivit\u00e4ten.<\/p>\n\n\n\n<p>Mir verschl\u00e4gt es erst einmal die Sprache. In einem Raum mit nacktem Betonfussboden treffen wir auf knapp 10 Personen. Ein Mann in einem Rollstuhl scheint nur aus Kopf und Rumpf zu bestehen. Eine junge Frau mit multiplen spastischen L\u00e4hmungen kniet\/liegt auf dem Boden. Downsyndrom oder Mikrozephalie geh\u00f6ren zu den &#8222;leichteren&#8220; Einschr\u00e4nkungen. Die Leiterin der Einrichtung berichtet von ihrer Arbeit. Ich z\u00e4hle neben der Leiterin und einer K\u00f6chin 4 Mitarbeiterinnen. Dass es einen festen Mitarbeiterstamm hat, betont mit einem gewissen Stolz die Leiterin. Denn die Kommune versucht immer mal wieder, Leute, f\u00fcr die es keine Verwendung gibt, zu ihr &#8222;abzuschieben&#8220;. Doch ohne ein betr\u00e4chtliches Engagement und Liebe f\u00fcr diese Menschen ist diese Arbeit in keiner Weise zu schaffen.<\/p>\n\n\n\n<p>Neben dem erw\u00e4hnten Raum gibt es drei weitere. Hier versuchen Sie eine elementare Bildung. Die Lernmittel stellen sie selbst mit Hilfe von Vorlagen aus dem Internet her. Vieles, was die Leiterin schildert, kennen wir von Marta. Auch hier k\u00e4mpft ein freier Tr\u00e4ger APAS mit der Kommune um die n\u00f6tigen Mittel. Hinzu kommt, dass solche Entwicklungsst\u00f6rungen in der Gesellschaft und auch in den betroffenenen Familien wenig Akzeptanz und Verst\u00e4ndnis finden.<\/p>\n\n\n\n<p>Am sp\u00e4ten Abend wird noch einmal ausf\u00fchrlich mit dem Vorstand \u00fcber die Stiftung FUNANB und deren Satzung gesprochen. Es ist eine Fortsetzung des Gespr\u00e4chs der vergangenen Woche. Auch hier wird Guido noch ausf\u00fchrlich berichten.<\/p>\n\n\n","protected":false},"excerpt":{"rendered":"<p>Sobradinho, 10.10.2023 Diesen Tag beginnen wir recht fr\u00fch in Gente Valente. Dort beginnt jeder Morgen mit einer Andacht f\u00fcr die Mitarbeiterinnen. Das Team von jeweils einer der verschiedenen Gruppen bereitet <a class=\"more-link\" href=\"https:\/\/globalenachbarn.org\/?p=3037\">Weiter lesen \u2192<\/a><\/p>\n","protected":false},"author":6,"featured_media":3109,"comment_status":"closed","ping_status":"closed","sticky":false,"template":"","format":"standard","meta":{"footnotes":""},"categories":[83,4,103,3],"tags":[],"class_list":["post-3037","post","type-post","status-publish","format-standard","has-post-thumbnail","hentry","category-brasilien-2022","category-gv","category-public","category-so"],"_links":{"self":[{"href":"https:\/\/globalenachbarn.org\/index.php?rest_route=\/wp\/v2\/posts\/3037","targetHints":{"allow":["GET"]}}],"collection":[{"href":"https:\/\/globalenachbarn.org\/index.php?rest_route=\/wp\/v2\/posts"}],"about":[{"href":"https:\/\/globalenachbarn.org\/index.php?rest_route=\/wp\/v2\/types\/post"}],"author":[{"embeddable":true,"href":"https:\/\/globalenachbarn.org\/index.php?rest_route=\/wp\/v2\/users\/6"}],"replies":[{"embeddable":true,"href":"https:\/\/globalenachbarn.org\/index.php?rest_route=%2Fwp%2Fv2%2Fcomments&post=3037"}],"version-history":[{"count":3,"href":"https:\/\/globalenachbarn.org\/index.php?rest_route=\/wp\/v2\/posts\/3037\/revisions"}],"predecessor-version":[{"id":3466,"href":"https:\/\/globalenachbarn.org\/index.php?rest_route=\/wp\/v2\/posts\/3037\/revisions\/3466"}],"wp:featuredmedia":[{"embeddable":true,"href":"https:\/\/globalenachbarn.org\/index.php?rest_route=\/wp\/v2\/media\/3109"}],"wp:attachment":[{"href":"https:\/\/globalenachbarn.org\/index.php?rest_route=%2Fwp%2Fv2%2Fmedia&parent=3037"}],"wp:term":[{"taxonomy":"category","embeddable":true,"href":"https:\/\/globalenachbarn.org\/index.php?rest_route=%2Fwp%2Fv2%2Fcategories&post=3037"},{"taxonomy":"post_tag","embeddable":true,"href":"https:\/\/globalenachbarn.org\/index.php?rest_route=%2Fwp%2Fv2%2Ftags&post=3037"}],"curies":[{"name":"wp","href":"https:\/\/api.w.org\/{rel}","templated":true}]}}