{"id":3151,"date":"2022-10-17T10:50:04","date_gmt":"2022-10-17T10:50:04","guid":{"rendered":"https:\/\/globalenachbarn.org\/?p=3151"},"modified":"2023-08-13T13:04:07","modified_gmt":"2023-08-13T13:04:07","slug":"besuche-bei-pacs-und-dem-buergerradio","status":"publish","type":"post","link":"https:\/\/globalenachbarn.org\/?p=3151","title":{"rendered":"Besuche bei PACS und dem B\u00fcrgerradio"},"content":{"rendered":"\n<p>Sobradinho, 15.10.2023<\/p>\n\n\n\n<h3 class=\"wp-block-heading\">Das &#8222;Projeto Sobradinho&#8220;<\/h3>\n\n\n\n<p>Auch heute stehen &#8222;alte Bekannte&#8220; auf der Besuchsliste. Wir besuchen die Initiative PACS und das B\u00fcrgerradio.<\/p>\n\n\n\n<p>Dass sich auf dem Grundst\u00fcck der PACS etwas tut, sahen wir schon, als wir vor einigen Tagen mit unseren Fahrr\u00e4dern vorbei fuhren. Nun haben wir die M\u00f6glichkeit, mit Cleiber, aktuell der Vorsitzende des Vereins, und anderen Mitarbeiter:innen zu sprechen. Die j\u00fcngeren Leute unter ihnen haben alle als Kinder und Jugendliche einige Zeit in dieser Einrichtung zugebracht.<br>Es ist inzwischen eine \u00fcberwiegend ehrenamtliche Initiative, die am Wochenende eine Betreuung von Kindern und Jugendlichen anbietet. Gelegentlich stellt die Stadtverwaltung (Pr\u00e4fektur) einen Mitarbeiter f\u00fcr einen Kurs zu Verf\u00fcgung, zur Zeit aber leider nicht. Wir sehen eine Nachhilfestunde in Mathematik und eine weitere kleine Gruppe, in der die 2. Stunde eines Fl\u00f6tenunterrichts stattfindet. Sp\u00e4ter gibt es noch Judo\u00fcbungen. Alles l\u00e4uft unter Anleitung von freiwilligen Mitarbeitenden.<\/p>\n\n\n\n<p>Rund 50 Familien tragen die Arbeit hier; manche entsenden keine Kinder, sondern bewirtschaften eine Parzelle Gemeinschaftsgarten, der sich dem bebauten Teil anschlie\u00dft. Die Parzellen stellt PACS kostenfrei zur Verf\u00fcgung. Da Kleber Agronom ist, kann er den Familien Hinweise geben, wie der Anbau ertragreich und doch nachhaltig gelingt. Die gesamte Fl\u00e4che, die PACS besitzt, ist recht gro\u00df, und ich frage mich, wie diese sinnvoll von dem kleinen Kreis von sechs Aktiven zu verwalten ist. Guido erkl\u00e4rt mir, dass in der ersten Phase des Projekts die &#8222;World Vision&#8220; einen Stab von sieben Hauptamtlichen Kr\u00e4ften finanziert hat, um eine umfassende soziale Assistenz f\u00fcr die \u00e4rmsten Viertel (&#8222;Quadras&#8220;) von Sobradinho aufzubauen. Nach mehreren Verl\u00e4ngerungen der urspr\u00fcnglich auf f\u00fcnf Jahre angelegten F\u00f6rderung stellte die &#8222;World Vision&#8220; ihre Finanzierung ein. Die Hoffnung, dass die Stadtverwaltung von Sobradinho dieses soziale Projekt \u00fcbernehmen und weiter betreiben w\u00fcrde, hatte sich leider nicht erf\u00fcllt. Nun versuchen die ehrenamtlichen Kr\u00e4fte ihr M\u00f6gliches.<\/p>\n\n\n\n<p>Die Arbeiten bei der Einfriedung des Gel\u00e4ndes in den letzten Wochen r\u00fchren auch daher, dass PACS von Einbr\u00fcchen betroffen war, die betr\u00e4chtliche Vandalismussch\u00e4den hinterlie\u00dfen. Nach meinem Eindruck arbeitet die Initiative auf einem Niveau, bei dem wir, GN, hier mir recht geringen Mitteln schon Einges bewirken k\u00f6nnen. Konkret w\u00e4re die Erh\u00f6hung des Zaunes an den L\u00e4ngsseiten eines Sportplatzes hilfreich. Damit die B\u00e4lle nicht beim Nachbarn landen. Das f\u00fchrt n\u00e4mlich immer mal wieder zu Auseinandersetzungen wegen kaputter Ziegel o.\u00e4.<\/p>\n\n\n\n<h3 class=\"wp-block-heading\">Das B\u00fcrgerradio<\/h3>\n\n\n\n<p>Ein weiterer Besuch steht an: Das B\u00fcrgerradio, dem wir zum Start beim Aufbau des Sendeturms geholfen haben. Sowohl Pedro, einer der Programm-Macher, als auch Renalice, die Vorsitzende des Tr\u00e4gervereins begr\u00fc\u00dfen Guido sehr herzlich und erz\u00e4hlen davon, was in den vergangenen Jahren geschah. Guido wird dann auch in einem Live-Interview im Radio-Programm zu der Situation der Schulen in Deutschland und seiner eigenen T\u00e4tigkeit befragt. Anschliessend schildert Renalice sehr ausf\u00fchrlich die rechtliche Situation des Tr\u00e4gervereins.<br>Angesichts der Pandemie und ihrer Folgen ist die materielle Situation nat\u00fcrlich nicht besser geworden. Da das Radio sich weitgehend selbst tragen soll, gibt es hier m.E. nur wenige Ankn\u00fcpfungspunkte zur Zusammenarbeit. Um insbesondere die Folgen der Pandemie abzufedern, k\u00f6nnte GN hier \u00fcber die eine oder andere Unterst\u00fctzung nachdenken.<\/p>\n\n\n\n<p>Mehr dazu im <a href=\"https:\/\/globalenachbarn.org\/?p=3245\" data-type=\"post\" data-id=\"3245\">Beitrag zum Radio<\/a><\/p>\n","protected":false},"excerpt":{"rendered":"<p>Sobradinho, 15.10.2023 Das &#8222;Projeto Sobradinho&#8220; Auch heute stehen &#8222;alte Bekannte&#8220; auf der Besuchsliste. Wir besuchen die Initiative PACS und das B\u00fcrgerradio. Dass sich auf dem Grundst\u00fcck der PACS etwas tut, <a class=\"more-link\" href=\"https:\/\/globalenachbarn.org\/?p=3151\">Weiter lesen \u2192<\/a><\/p>\n","protected":false},"author":6,"featured_media":0,"comment_status":"closed","ping_status":"closed","sticky":false,"template":"","format":"standard","meta":{"footnotes":""},"categories":[83,8,103,7,3],"tags":[],"class_list":["post-3151","post","type-post","status-publish","format-standard","hentry","category-brasilien-2022","category-radio","category-public","category-pacs","category-so"],"_links":{"self":[{"href":"https:\/\/globalenachbarn.org\/index.php?rest_route=\/wp\/v2\/posts\/3151","targetHints":{"allow":["GET"]}}],"collection":[{"href":"https:\/\/globalenachbarn.org\/index.php?rest_route=\/wp\/v2\/posts"}],"about":[{"href":"https:\/\/globalenachbarn.org\/index.php?rest_route=\/wp\/v2\/types\/post"}],"author":[{"embeddable":true,"href":"https:\/\/globalenachbarn.org\/index.php?rest_route=\/wp\/v2\/users\/6"}],"replies":[{"embeddable":true,"href":"https:\/\/globalenachbarn.org\/index.php?rest_route=%2Fwp%2Fv2%2Fcomments&post=3151"}],"version-history":[{"count":3,"href":"https:\/\/globalenachbarn.org\/index.php?rest_route=\/wp\/v2\/posts\/3151\/revisions"}],"predecessor-version":[{"id":3460,"href":"https:\/\/globalenachbarn.org\/index.php?rest_route=\/wp\/v2\/posts\/3151\/revisions\/3460"}],"wp:attachment":[{"href":"https:\/\/globalenachbarn.org\/index.php?rest_route=%2Fwp%2Fv2%2Fmedia&parent=3151"}],"wp:term":[{"taxonomy":"category","embeddable":true,"href":"https:\/\/globalenachbarn.org\/index.php?rest_route=%2Fwp%2Fv2%2Fcategories&post=3151"},{"taxonomy":"post_tag","embeddable":true,"href":"https:\/\/globalenachbarn.org\/index.php?rest_route=%2Fwp%2Fv2%2Ftags&post=3151"}],"curies":[{"name":"wp","href":"https:\/\/api.w.org\/{rel}","templated":true}]}}