{"id":3245,"date":"2022-10-20T01:01:44","date_gmt":"2022-10-20T01:01:44","guid":{"rendered":"https:\/\/globalenachbarn.org\/?p=3245"},"modified":"2023-08-13T13:03:58","modified_gmt":"2023-08-13T13:03:58","slug":"buergerradio-seit-neun-jahren","status":"publish","type":"post","link":"https:\/\/globalenachbarn.org\/?p=3245","title":{"rendered":"B\u00fcrgerradio neun Jahre auf Sendung"},"content":{"rendered":"\n<p>Das B\u00fcrgerradio ist eine Erfolgsgeschichte, denn in den neun Jahren seit der mit unserer Hilfe erstrittenen Sendeerlaubnis hat Radio S\u00e3o Francisco FM 104 durchg\u00e4ngig gearbeitet und kam dabei ohne weitere Unterst\u00fctzung von GN aus. Nach wie vor ist ACCS (Associa\u00e7\u00e3o de Comunica\u00e7\u00e3o Comunit\u00e1ria Sobradinho) der Tr\u00e4gerverein des Radios mit etwa 25 Mitgliedern. Vorstand und Aufsichtsrat bestehen zusammen aus elf Mitgliedern, wovon f\u00fcnf die drei Kassenpr\u00fcfer und ihre beiden Vertreter sind. Gem\u00e4\u00df den Vorgaben der brasilianischen Gesetze wurde die Mandatszeit vor einiger Zeit auf vier Jahre erh\u00f6ht. Der erste und zweite Vorsitzende k\u00f6nnen nur einmal wiedergew\u00e4hlt werden. Letzteres hat dazu gef\u00fchrt, dass es einen personellen Wechsel gab. Statt Paulo Ferreira ist nun Renalice, seine Frau, die erste Vorsitzende.<\/p>\n<p>Im Gespr\u00e4ch vor Ort waren au\u00dfer Renalice vier weitere Mitgleider des Vorstands anwesend. Wir gewannen allerdings den Eindruck, dass sie \u00fcber die Einzelheiten der Programmgestaltung und der Finanzierung des Radio-Betriebs nur beschr\u00e4nkt Auskunft geben k\u00f6nnen. Der Tr\u00e4gerverein ist juristisch f\u00fcr den Betrieb des Radios und die Ausstattung verantwortlich, hat jedoch inzwischen eher eine repr\u00e4sentative &#8211; um nicht zu sagen symbolische &#8211; Aufgabe. Das Radio-Team arbeitet weitgehend unabh\u00e4ngig vom Verein und seinem Vorstand, abgesehen von Renalice. Das Team besteht aus einem Gesch\u00e4ftsf\u00fchrer, Filipe, dem Sohn von Renalice und Paulo, zwei Tontechnikern und etwa 15 Sprechern. Einer von den Sprechern ist Paulo mit seiner markanten Sendezeit am Samstag Vormittag, die von einigen unserer Bekannten in Sobradinho oft geh\u00f6rt wird. Die beiden Tontechniker arbeiten als \u201eSub-Unternehmer\u201c mit festem Arbeitsumfang f\u00fcr das Radio.<\/p>\n<p>Der Sendebetrieb l\u00e4uft t\u00e4glich von 6 Uhr bis 22 Uhr. Mit den Sprechern gibt es Vertr\u00e4ge, die ihnen die H\u00e4lfte der Werbeeinnahmen aus ihrer Sendezeit zugestehen. Die andere H\u00e4lfte geht an das Radio beziehungsweise seinen Tr\u00e4gerverein. Die Bezahlung der Techniker, des Gesch\u00e4ftsf\u00fchrers und der Ausstattung bestreitet der Verein aus den Werbeeinnahmen und aus dem Verkauf von Sendezeit. Letzteres bedeutet, dass einige Bl\u00f6cke des w\u00f6chentlichen Programmschemas gegen Bezahlung komplett in die Produktion und Verantwortung von Dritten \u00fcbergeben werden. Zu dieser \u00d6ffnung des Programms sind die B\u00fcrgerradios per Gesetz verpflichtet. In einem Fall ist es zu einer Klage gegen das Radio gekommen, weil jemand behauptete, man w\u00fcrde ihm ohne triftigen Grund den Erwerb von Sendezeit verwehren. Das Verfahren wurde vor kurzem eingestellt. Daran wird deutlich, dass der Vorstand nur in gut begr\u00fcndeten F\u00e4llen die Vergabe von Sendezeit verwehren kann. Leider hat das zur Folge, dass einige Programmbl\u00f6cke von drei der Pfingstkirchen aus Sobradinho gef\u00fcllt werden. Das ist nicht unbedingt im Sinne der Initiatoren des Radiosenders. Diese Kirchen breiten sich in Brasilien immer weiter aus und verwenden dabei teils aggressive Methoden des Missionierens, beuten ihre Mitglieder finanziell aus und nehmen politischen Einfluss mit extrem rechter Gesinnung. Dar\u00fcber steht dem Vorstand aber kein Urteil zu, da die K\u00e4ufer von Sendezeit ihre Inhalte selbst verantworten m\u00fcssen.<\/p>\n<p>In den letzten drei Jahren wurde die Lage des Radios schwieriger. In der Pandemie sind die Einnahmen stark zur\u00fcck gegangen, da die wirtschaftliche Unsicherheit eine gr\u00f6\u00dfere Zur\u00fcckhaltung bei Ausgaben f\u00fcr Werbung bewirkt hat. Erschwerend kam hinzu, dass \u00dcberspannungen &#8211; vielleicht ein Blitzeinschlag &#8211; wesentliche Teile der Sendeanlage zerst\u00f6rt haben und ACCS sie ersetzen musste. Weil daf\u00fcr alle verf\u00fcgbaren Mittel eingesetzt wurden, konnte ACCS f\u00fcr die Ausstattung des Studios schon vier Jahre keine Inspektion mehr durchf\u00fchren.<\/p>\n<p>Auf l\u00e4ngere Sicht w\u00fcnscht sich der Vorstand eine Verst\u00e4rkung der Sendeanlage zur Erh\u00f6hung der Reichweite. Seit letztem Jahr ist per Gesetz der Radius vergr\u00f6\u00dfert worden, in dem B\u00fcrgerradios ihr Programm ausstrahlen d\u00fcrfen. Bisher betrug er 50 Kilometer. Ein gr\u00f6\u00dferes Sendegebiet k\u00f6nnte sich positiv auf die Werbeeinnahmen auswirken, insbesondere von Anbietern aus Petrolina. Dazu muss allerdings der Sendemast um einige Meter verl\u00e4ngert werden. Das bleibt vorerst ein Wunschtraum.<\/p>\n<p>In den Gespr\u00e4chen mit dem Vorstand und mit Paulo wurde deutlich, dass sie sich Unterst\u00fctzung von GN f\u00fcr die aktuelle Konsolidierung des Radios w\u00fcnschen. Besonderes n\u00f6tig hat es die Grundausstattung des Studios, die noch auf gebrauchten Ger\u00e4ten aus der Zeit vor der Gr\u00fcndung basiert. Wir nehmen die Anfrage mit nach Deutschland f\u00fcr unsere n\u00e4chste Mitgliederversammlung.<\/p>\n","protected":false},"excerpt":{"rendered":"<p>Das B\u00fcrgerradio ist eine Erfolgsgeschichte, denn in den neun Jahren seit der mit unserer Hilfe erstrittenen Sendeerlaubnis hat Radio S\u00e3o Francisco FM 104 durchg\u00e4ngig gearbeitet und kam dabei ohne weitere <a class=\"more-link\" href=\"https:\/\/globalenachbarn.org\/?p=3245\">Weiter lesen \u2192<\/a><\/p>\n","protected":false},"author":2,"featured_media":0,"comment_status":"closed","ping_status":"closed","sticky":false,"template":"","format":"standard","meta":{"footnotes":""},"categories":[83,8,103],"tags":[],"class_list":["post-3245","post","type-post","status-publish","format-standard","hentry","category-brasilien-2022","category-radio","category-public"],"_links":{"self":[{"href":"https:\/\/globalenachbarn.org\/index.php?rest_route=\/wp\/v2\/posts\/3245","targetHints":{"allow":["GET"]}}],"collection":[{"href":"https:\/\/globalenachbarn.org\/index.php?rest_route=\/wp\/v2\/posts"}],"about":[{"href":"https:\/\/globalenachbarn.org\/index.php?rest_route=\/wp\/v2\/types\/post"}],"author":[{"embeddable":true,"href":"https:\/\/globalenachbarn.org\/index.php?rest_route=\/wp\/v2\/users\/2"}],"replies":[{"embeddable":true,"href":"https:\/\/globalenachbarn.org\/index.php?rest_route=%2Fwp%2Fv2%2Fcomments&post=3245"}],"version-history":[{"count":4,"href":"https:\/\/globalenachbarn.org\/index.php?rest_route=\/wp\/v2\/posts\/3245\/revisions"}],"predecessor-version":[{"id":3446,"href":"https:\/\/globalenachbarn.org\/index.php?rest_route=\/wp\/v2\/posts\/3245\/revisions\/3446"}],"wp:attachment":[{"href":"https:\/\/globalenachbarn.org\/index.php?rest_route=%2Fwp%2Fv2%2Fmedia&parent=3245"}],"wp:term":[{"taxonomy":"category","embeddable":true,"href":"https:\/\/globalenachbarn.org\/index.php?rest_route=%2Fwp%2Fv2%2Fcategories&post=3245"},{"taxonomy":"post_tag","embeddable":true,"href":"https:\/\/globalenachbarn.org\/index.php?rest_route=%2Fwp%2Fv2%2Ftags&post=3245"}],"curies":[{"name":"wp","href":"https:\/\/api.w.org\/{rel}","templated":true}]}}