{"id":3704,"date":"2025-04-05T14:46:19","date_gmt":"2025-04-05T14:46:19","guid":{"rendered":"https:\/\/globalenachbarn.org\/?p=3704"},"modified":"2025-04-07T18:33:13","modified_gmt":"2025-04-07T18:33:13","slug":"sternenkundliches-zwischenspiel","status":"publish","type":"post","link":"https:\/\/globalenachbarn.org\/?p=3704","title":{"rendered":"Sternenkundliches Zwischenspiel"},"content":{"rendered":"\n<p>Schon f\u00fcr einem Ausflug in der ersten Woche wurde die Idee geboren, den fast immer wolkenlosen Himmel und die recht gro\u00dfe Dunkelheit f\u00fcr dir Betrachtung des Sternenhimmels zu nutzen. Christiane, deren Hobby das einmal war, hat noch ein altes Teleskop, das Guido daf\u00fcr wieder &#8222;fit macht&#8220;.<br>Es stellt sich allerdings heraus, dass es mit der Dunkelheit nicht mehr so weit her ist. \u00dcberall, wo Menschen sind, ist auch elektrisches Licht&#8230; So ist der erste Versuch nicht so erfolgreich.<\/p>\n\n\n\n<figure class=\"wp-block-image size-large\"><img loading=\"lazy\" decoding=\"async\" width=\"500\" height=\"375\" src=\"https:\/\/globalenachbarn.org\/wp-content\/uploads\/2025\/04\/DSCN0568-500x375.jpg\" alt=\"\" class=\"wp-image-3756\" srcset=\"https:\/\/globalenachbarn.org\/wp-content\/uploads\/2025\/04\/DSCN0568-500x375.jpg 500w, https:\/\/globalenachbarn.org\/wp-content\/uploads\/2025\/04\/DSCN0568-300x225.jpg 300w, https:\/\/globalenachbarn.org\/wp-content\/uploads\/2025\/04\/DSCN0568-150x113.jpg 150w, https:\/\/globalenachbarn.org\/wp-content\/uploads\/2025\/04\/DSCN0568-768x576.jpg 768w, https:\/\/globalenachbarn.org\/wp-content\/uploads\/2025\/04\/DSCN0568-1536x1152.jpg 1536w, https:\/\/globalenachbarn.org\/wp-content\/uploads\/2025\/04\/DSCN0568.jpg 2000w\" sizes=\"auto, (max-width: 500px) 100vw, 500px\" \/><\/figure>\n\n\n\n<p>In dieser 3. Woche unseres Aufenthaltes macht Martha mit Guido und mir einen Ausflug &#8222;in&#8217;s Gr\u00fcne&#8220;. Wir sind bei Freunden von Martha eingeladen, die so eine dreiviertel Autostunde au\u00dferhalb von Sobradinho wohnen. Der Ort Trarias liegt am Rande eines H\u00f6henzuges, der hier einen kleinen Durchbruch hat. Dort legte man zwei kleine Seen an, die dem winzigen Ort mit wenigen Familien das Leben erm\u00f6glicht.\u00a0<\/p>\n\n\n<div class=\"wp-block-image\">\n<figure class=\"alignleft size-medium\"><a href=\"https:\/\/globalenachbarn.org\/wp-content\/uploads\/2025\/04\/DSCN0573.jpg\"><img loading=\"lazy\" decoding=\"async\" width=\"300\" height=\"225\" src=\"https:\/\/globalenachbarn.org\/wp-content\/uploads\/2025\/04\/DSCN0573-300x225.jpg\" alt=\"\" class=\"wp-image-3757\" srcset=\"https:\/\/globalenachbarn.org\/wp-content\/uploads\/2025\/04\/DSCN0573-300x225.jpg 300w, https:\/\/globalenachbarn.org\/wp-content\/uploads\/2025\/04\/DSCN0573-500x375.jpg 500w, https:\/\/globalenachbarn.org\/wp-content\/uploads\/2025\/04\/DSCN0573-150x113.jpg 150w, https:\/\/globalenachbarn.org\/wp-content\/uploads\/2025\/04\/DSCN0573-768x576.jpg 768w, https:\/\/globalenachbarn.org\/wp-content\/uploads\/2025\/04\/DSCN0573-1536x1152.jpg 1536w, https:\/\/globalenachbarn.org\/wp-content\/uploads\/2025\/04\/DSCN0573.jpg 2000w\" sizes=\"auto, (max-width: 300px) 100vw, 300px\" \/><\/a><figcaption class=\"wp-element-caption\">Marta und Jochen in den Felsen von Trairas<\/figcaption><\/figure><\/div>\n\n\n<p>Hier treffen wir noch auf eine Form der Subsistenzwirtschaft, die es auch dort nicht mehr lange geben wird! F\u00fcr Martha ist es eine Erinnerung an ihre Kindheit.<br>Wir wandern ein St\u00fcck in den H\u00f6henzug hinein zu der Staumauer, die die beiden erw\u00e4hnten Seen trennt.&nbsp;<br>Wir warten auch auf die Dunkelheit, die hier noch diesen Namen verdient. Und tats\u00e4chlich bietet sich bald trotz des recht hellen Halbmondes ein beeindruckendes Sternenbild, dass ich sehr lange &#8211; wenn \u00fcberhaupt &#8211; nicht in Natur gesehen habe.&nbsp;<br>Sp\u00e4ter positioniert Guido das Teleskop entsprechend. Unsere Gastgeber und wir k\u00f6nnen in beeindruckender Sch\u00e4rfe die Mondoberfl\u00e4che mit ihren Kratern betrachten.<\/p>\n\n\n<div class=\"wp-block-image\">\n<figure class=\"alignright size-medium\"><a href=\"https:\/\/globalenachbarn.org\/wp-content\/uploads\/2025\/04\/DSCN0592.jpg\"><img loading=\"lazy\" decoding=\"async\" width=\"300\" height=\"225\" src=\"https:\/\/globalenachbarn.org\/wp-content\/uploads\/2025\/04\/DSCN0592-300x225.jpg\" alt=\"\" class=\"wp-image-3759\" srcset=\"https:\/\/globalenachbarn.org\/wp-content\/uploads\/2025\/04\/DSCN0592-300x225.jpg 300w, https:\/\/globalenachbarn.org\/wp-content\/uploads\/2025\/04\/DSCN0592-500x375.jpg 500w, https:\/\/globalenachbarn.org\/wp-content\/uploads\/2025\/04\/DSCN0592-150x113.jpg 150w, https:\/\/globalenachbarn.org\/wp-content\/uploads\/2025\/04\/DSCN0592-768x576.jpg 768w, https:\/\/globalenachbarn.org\/wp-content\/uploads\/2025\/04\/DSCN0592-1536x1152.jpg 1536w, https:\/\/globalenachbarn.org\/wp-content\/uploads\/2025\/04\/DSCN0592.jpg 2000w\" sizes=\"auto, (max-width: 300px) 100vw, 300px\" \/><\/a><\/figure><\/div>\n\n\n<p>Auch auf der R\u00fcckfahrt &#8211; Guido und ich sitzen auf der Ladefl\u00e4che des Pickups, Gitarre, Teleskop und Stativ sind die &#8222;Beifahrer&#8220; &#8211; spannt sich ein sternen\u00fcbers\u00e4ter Himmel \u00fcber uns.<br>Vielleicht zum ersten Mal wird Kants Satz sinnlich nachvollziehbar:<br>&#8222;Zwei Dinge erf\u00fcllen das Gem\u00fct mit immer neuer und zunehmender Bewunderung und Ehrfurcht, je \u00f6fter und anhaltender sich das Nachdenken damit besch\u00e4ftigt: der bestirnte Himmel \u00fcber mir und das moralische Gesetz in mir.&#8220;<br><br><\/p>\n","protected":false},"excerpt":{"rendered":"<p>Schon f\u00fcr einem Ausflug in der ersten Woche wurde die Idee geboren, den fast immer wolkenlosen Himmel und die recht gro\u00dfe Dunkelheit f\u00fcr dir Betrachtung des Sternenhimmels zu nutzen. Christiane, <a class=\"more-link\" href=\"https:\/\/globalenachbarn.org\/?p=3704\">Weiter lesen \u2192<\/a><\/p>\n","protected":false},"author":6,"featured_media":3758,"comment_status":"closed","ping_status":"closed","sticky":false,"template":"","format":"standard","meta":{"footnotes":""},"categories":[107],"tags":[],"class_list":["post-3704","post","type-post","status-publish","format-standard","has-post-thumbnail","hentry","category-brasilien-2025"],"_links":{"self":[{"href":"https:\/\/globalenachbarn.org\/index.php?rest_route=\/wp\/v2\/posts\/3704","targetHints":{"allow":["GET"]}}],"collection":[{"href":"https:\/\/globalenachbarn.org\/index.php?rest_route=\/wp\/v2\/posts"}],"about":[{"href":"https:\/\/globalenachbarn.org\/index.php?rest_route=\/wp\/v2\/types\/post"}],"author":[{"embeddable":true,"href":"https:\/\/globalenachbarn.org\/index.php?rest_route=\/wp\/v2\/users\/6"}],"replies":[{"embeddable":true,"href":"https:\/\/globalenachbarn.org\/index.php?rest_route=%2Fwp%2Fv2%2Fcomments&post=3704"}],"version-history":[{"count":8,"href":"https:\/\/globalenachbarn.org\/index.php?rest_route=\/wp\/v2\/posts\/3704\/revisions"}],"predecessor-version":[{"id":3765,"href":"https:\/\/globalenachbarn.org\/index.php?rest_route=\/wp\/v2\/posts\/3704\/revisions\/3765"}],"wp:featuredmedia":[{"embeddable":true,"href":"https:\/\/globalenachbarn.org\/index.php?rest_route=\/wp\/v2\/media\/3758"}],"wp:attachment":[{"href":"https:\/\/globalenachbarn.org\/index.php?rest_route=%2Fwp%2Fv2%2Fmedia&parent=3704"}],"wp:term":[{"taxonomy":"category","embeddable":true,"href":"https:\/\/globalenachbarn.org\/index.php?rest_route=%2Fwp%2Fv2%2Fcategories&post=3704"},{"taxonomy":"post_tag","embeddable":true,"href":"https:\/\/globalenachbarn.org\/index.php?rest_route=%2Fwp%2Fv2%2Ftags&post=3704"}],"curies":[{"name":"wp","href":"https:\/\/api.w.org\/{rel}","templated":true}]}}