{"id":3786,"date":"2025-04-13T23:55:24","date_gmt":"2025-04-13T23:55:24","guid":{"rendered":"https:\/\/globalenachbarn.org\/?p=3786"},"modified":"2025-04-14T11:15:14","modified_gmt":"2025-04-14T11:15:14","slug":"was-wird-weiter-aus-gente-valente-und-casa-antonita","status":"publish","type":"post","link":"https:\/\/globalenachbarn.org\/?p=3786","title":{"rendered":"Was wird weiter aus Gente Valente (und Casa Antonita)"},"content":{"rendered":"\n<p>Wie schon in dem Beitrag \u00fcber den Pr\u00e4fekten angerissen, hat die Kommune und vor allem der Pr\u00e4fekt wenig Interesse, die Finanzierung von GV auf eine dauerhafte und von Entscheidungen einzelner Personen in der kommunalen Verwaltung unabh\u00e4ngige Basis zu stellen.<br>Daher sollten wir als GN davon ausgehen, dass es bis auf Weiteres bei dem Status quo bleibt.<br><br>Ohnehin sind die Kr\u00e4fte von Marta und ihrem Team z.Zt. stark von dem aktuellen Projekt in Anspruch genommen: Die Erneuerung der Elektroinstallationen w\u00e4hrend des laufenden Betriebes ist eine Herausforderung, die nicht &#8218;mal &#8222;so nebenbei&#8220; erledigt werden kann.<\/p>\n\n\n\n<figure class=\"wp-block-image size-large\"><img loading=\"lazy\" decoding=\"async\" width=\"500\" height=\"375\" src=\"https:\/\/globalenachbarn.org\/wp-content\/uploads\/2025\/04\/DSCN0471-1-500x375.jpg\" alt=\"\" class=\"wp-image-3826\" srcset=\"https:\/\/globalenachbarn.org\/wp-content\/uploads\/2025\/04\/DSCN0471-1-500x375.jpg 500w, https:\/\/globalenachbarn.org\/wp-content\/uploads\/2025\/04\/DSCN0471-1-300x225.jpg 300w, https:\/\/globalenachbarn.org\/wp-content\/uploads\/2025\/04\/DSCN0471-1-150x113.jpg 150w, https:\/\/globalenachbarn.org\/wp-content\/uploads\/2025\/04\/DSCN0471-1-768x576.jpg 768w, https:\/\/globalenachbarn.org\/wp-content\/uploads\/2025\/04\/DSCN0471-1-1536x1152.jpg 1536w, https:\/\/globalenachbarn.org\/wp-content\/uploads\/2025\/04\/DSCN0471-1.jpg 2000w\" sizes=\"auto, (max-width: 500px) 100vw, 500px\" \/><figcaption class=\"wp-element-caption\">Marta im Gespr\u00e4ch mit zwei Elektrikern \u00fcber Schwierigkeiten bei der Verlegung von Kabeln<\/figcaption><\/figure>\n\n\n\n<p>Um Marta bei der immer gr\u00f6\u00dfer werdenden administrativen Aufgaben zu unterst\u00fctzen, hat Guido die Rechner auf den aktuellen Stand gebracht., die daf\u00fcr zur Verf\u00fcgung stehen. <br>Marta und Rafaelle wurden f\u00fcr ihre Aufgaben geschult.<br>Daneben gibt es weitere gr\u00f6\u00dfere und kleinere Aufgaben, wie z.B. die Instandsetzung besch\u00e4digter Spielger\u00e4te.<\/p>\n\n\n\n<p>Ein Lichtblick ist, dass sich unvermittelt die Gelegenheit bietet, ein Teil des brachliegenden Nachbargrundst\u00fcckes zu erwerben. Marta will diese Gelegenheit nutzen und auf der gewonnenen Fl\u00e4che unter anderem den Waschplatz der KiTa einrichten.<\/p>\n\n\n\n<figure class=\"wp-block-image size-large\"><img loading=\"lazy\" decoding=\"async\" width=\"500\" height=\"375\" src=\"https:\/\/globalenachbarn.org\/wp-content\/uploads\/2025\/04\/DSCN0547-500x375.jpg\" alt=\"\" class=\"wp-image-3809\" srcset=\"https:\/\/globalenachbarn.org\/wp-content\/uploads\/2025\/04\/DSCN0547-500x375.jpg 500w, https:\/\/globalenachbarn.org\/wp-content\/uploads\/2025\/04\/DSCN0547-300x225.jpg 300w, https:\/\/globalenachbarn.org\/wp-content\/uploads\/2025\/04\/DSCN0547-150x113.jpg 150w, https:\/\/globalenachbarn.org\/wp-content\/uploads\/2025\/04\/DSCN0547-768x576.jpg 768w, https:\/\/globalenachbarn.org\/wp-content\/uploads\/2025\/04\/DSCN0547-1536x1152.jpg 1536w, https:\/\/globalenachbarn.org\/wp-content\/uploads\/2025\/04\/DSCN0547.jpg 2000w\" sizes=\"auto, (max-width: 500px) 100vw, 500px\" \/><figcaption class=\"wp-element-caption\">Die H\u00e4lfte des unbebauten Nachbargrundst\u00fccks wurde Marta nun zum Kauf angeboten.<\/figcaption><\/figure>\n\n\n\n<figure class=\"wp-block-image size-large\"><img loading=\"lazy\" decoding=\"async\" width=\"500\" height=\"375\" src=\"https:\/\/globalenachbarn.org\/wp-content\/uploads\/2025\/04\/DSCN0092-500x375.jpg\" alt=\"\" class=\"wp-image-3810\" srcset=\"https:\/\/globalenachbarn.org\/wp-content\/uploads\/2025\/04\/DSCN0092-500x375.jpg 500w, https:\/\/globalenachbarn.org\/wp-content\/uploads\/2025\/04\/DSCN0092-300x225.jpg 300w, https:\/\/globalenachbarn.org\/wp-content\/uploads\/2025\/04\/DSCN0092-150x113.jpg 150w, https:\/\/globalenachbarn.org\/wp-content\/uploads\/2025\/04\/DSCN0092-768x576.jpg 768w, https:\/\/globalenachbarn.org\/wp-content\/uploads\/2025\/04\/DSCN0092-1536x1152.jpg 1536w, https:\/\/globalenachbarn.org\/wp-content\/uploads\/2025\/04\/DSCN0092.jpg 2000w\" sizes=\"auto, (max-width: 500px) 100vw, 500px\" \/><figcaption class=\"wp-element-caption\">Der Bereich zum W\u00e4sche Waschen und Trocknen k\u00f6nnte dorthin verlegt werden, um den Innenhof der KiTa komplett f\u00fcr die Kinder nutzen zu k\u00f6nnen.<\/figcaption><\/figure>\n\n\n\n<p>An Kreativit\u00e4t und Phantasie herrscht gl\u00fccklicherweise kein Mangel!<br>Obwohl mit dem Ganztagesbetriebs der Casa Antonita die Grundlage entzogen wurde, ist sie weiterhin genutzt. Sie ist nun ein &#8222;Secondhand-Shop&#8220; f\u00fcr Kleidung und vieles anderes, der zweimal in der Woche ge\u00f6ffnet ist. <br>Paula, eine der K\u00fcchenhilfen, hat das zu ihrer Aufgabe gemacht. <br>Dazu hat sie im Garten Beete mit Kr\u00e4utern angelegt. <br>Auch der vor Jahren von Freiwilligen gepflanzte Orangenbaum gedeiht pr\u00e4chtig.<\/p>\n\n\n\n<figure class=\"wp-block-image size-large\"><img loading=\"lazy\" decoding=\"async\" width=\"500\" height=\"375\" src=\"https:\/\/globalenachbarn.org\/wp-content\/uploads\/2025\/04\/DSCN0694-500x375.jpg\" alt=\"\" class=\"wp-image-3814\" srcset=\"https:\/\/globalenachbarn.org\/wp-content\/uploads\/2025\/04\/DSCN0694-500x375.jpg 500w, https:\/\/globalenachbarn.org\/wp-content\/uploads\/2025\/04\/DSCN0694-300x225.jpg 300w, https:\/\/globalenachbarn.org\/wp-content\/uploads\/2025\/04\/DSCN0694-150x113.jpg 150w, https:\/\/globalenachbarn.org\/wp-content\/uploads\/2025\/04\/DSCN0694-768x576.jpg 768w, https:\/\/globalenachbarn.org\/wp-content\/uploads\/2025\/04\/DSCN0694-1536x1152.jpg 1536w, https:\/\/globalenachbarn.org\/wp-content\/uploads\/2025\/04\/DSCN0694.jpg 2000w\" sizes=\"auto, (max-width: 500px) 100vw, 500px\" \/><figcaption class=\"wp-element-caption\">Das Geb\u00e4ude &#8222;Antonita&#8220; wird nun als Basar f\u00fcr gebrauchte Kleidung genutzt. Es ist an einigen Wochentagen vormittags ge\u00f6ffnet. Paula verkauft Schuhe und Kleidung zu geringen Preisen an Bewohner Sobradinhos. <\/figcaption><\/figure>\n\n\n\n<figure class=\"wp-block-image size-large\"><img loading=\"lazy\" decoding=\"async\" width=\"500\" height=\"375\" src=\"https:\/\/globalenachbarn.org\/wp-content\/uploads\/2025\/04\/DSCN0690-500x375.jpg\" alt=\"\" class=\"wp-image-3813\" srcset=\"https:\/\/globalenachbarn.org\/wp-content\/uploads\/2025\/04\/DSCN0690-500x375.jpg 500w, https:\/\/globalenachbarn.org\/wp-content\/uploads\/2025\/04\/DSCN0690-300x225.jpg 300w, https:\/\/globalenachbarn.org\/wp-content\/uploads\/2025\/04\/DSCN0690-150x113.jpg 150w, https:\/\/globalenachbarn.org\/wp-content\/uploads\/2025\/04\/DSCN0690-768x576.jpg 768w, https:\/\/globalenachbarn.org\/wp-content\/uploads\/2025\/04\/DSCN0690-1536x1152.jpg 1536w, https:\/\/globalenachbarn.org\/wp-content\/uploads\/2025\/04\/DSCN0690.jpg 2000w\" sizes=\"auto, (max-width: 500px) 100vw, 500px\" \/><figcaption class=\"wp-element-caption\">Paula und Marta (Jochen im Hintergrund) mit den gebrauchten Kleidungsst\u00fccken.<\/figcaption><\/figure>\n\n\n\n<figure class=\"wp-block-image size-large\"><img loading=\"lazy\" decoding=\"async\" width=\"500\" height=\"375\" src=\"https:\/\/globalenachbarn.org\/wp-content\/uploads\/2025\/04\/DSCN0696-500x375.jpg\" alt=\"\" class=\"wp-image-3818\" srcset=\"https:\/\/globalenachbarn.org\/wp-content\/uploads\/2025\/04\/DSCN0696-500x375.jpg 500w, https:\/\/globalenachbarn.org\/wp-content\/uploads\/2025\/04\/DSCN0696-300x225.jpg 300w, https:\/\/globalenachbarn.org\/wp-content\/uploads\/2025\/04\/DSCN0696-150x113.jpg 150w, https:\/\/globalenachbarn.org\/wp-content\/uploads\/2025\/04\/DSCN0696-768x576.jpg 768w, https:\/\/globalenachbarn.org\/wp-content\/uploads\/2025\/04\/DSCN0696-1536x1152.jpg 1536w, https:\/\/globalenachbarn.org\/wp-content\/uploads\/2025\/04\/DSCN0696.jpg 2000w\" sizes=\"auto, (max-width: 500px) 100vw, 500px\" \/><figcaption class=\"wp-element-caption\">Obstb\u00e4ume im Hinterhof der Casa Antonita<\/figcaption><\/figure>\n\n\n\n<p><\/p>\n","protected":false},"excerpt":{"rendered":"<p>Wie schon in dem Beitrag \u00fcber den Pr\u00e4fekten angerissen, hat die Kommune und vor allem der Pr\u00e4fekt wenig Interesse, die Finanzierung von GV auf eine dauerhafte und von Entscheidungen einzelner <a class=\"more-link\" href=\"https:\/\/globalenachbarn.org\/?p=3786\">Weiter lesen \u2192<\/a><\/p>\n","protected":false},"author":6,"featured_media":3811,"comment_status":"closed","ping_status":"closed","sticky":false,"template":"","format":"standard","meta":{"footnotes":""},"categories":[107,5,4],"tags":[],"class_list":["post-3786","post","type-post","status-publish","format-standard","has-post-thumbnail","hentry","category-brasilien-2025","category-caa","category-gv"],"_links":{"self":[{"href":"https:\/\/globalenachbarn.org\/index.php?rest_route=\/wp\/v2\/posts\/3786","targetHints":{"allow":["GET"]}}],"collection":[{"href":"https:\/\/globalenachbarn.org\/index.php?rest_route=\/wp\/v2\/posts"}],"about":[{"href":"https:\/\/globalenachbarn.org\/index.php?rest_route=\/wp\/v2\/types\/post"}],"author":[{"embeddable":true,"href":"https:\/\/globalenachbarn.org\/index.php?rest_route=\/wp\/v2\/users\/6"}],"replies":[{"embeddable":true,"href":"https:\/\/globalenachbarn.org\/index.php?rest_route=%2Fwp%2Fv2%2Fcomments&post=3786"}],"version-history":[{"count":14,"href":"https:\/\/globalenachbarn.org\/index.php?rest_route=\/wp\/v2\/posts\/3786\/revisions"}],"predecessor-version":[{"id":3837,"href":"https:\/\/globalenachbarn.org\/index.php?rest_route=\/wp\/v2\/posts\/3786\/revisions\/3837"}],"wp:featuredmedia":[{"embeddable":true,"href":"https:\/\/globalenachbarn.org\/index.php?rest_route=\/wp\/v2\/media\/3811"}],"wp:attachment":[{"href":"https:\/\/globalenachbarn.org\/index.php?rest_route=%2Fwp%2Fv2%2Fmedia&parent=3786"}],"wp:term":[{"taxonomy":"category","embeddable":true,"href":"https:\/\/globalenachbarn.org\/index.php?rest_route=%2Fwp%2Fv2%2Fcategories&post=3786"},{"taxonomy":"post_tag","embeddable":true,"href":"https:\/\/globalenachbarn.org\/index.php?rest_route=%2Fwp%2Fv2%2Ftags&post=3786"}],"curies":[{"name":"wp","href":"https:\/\/api.w.org\/{rel}","templated":true}]}}