{"id":55,"date":"2014-12-31T20:00:31","date_gmt":"2014-12-31T20:00:31","guid":{"rendered":"http:\/\/globalenachbarn.org\/?p=55"},"modified":"2021-02-07T23:14:49","modified_gmt":"2021-02-07T23:14:49","slug":"weihnachten-2014-in-gente-valente","status":"publish","type":"post","link":"https:\/\/globalenachbarn.org\/?p=55","title":{"rendered":"Weihnachten 2014 in Gente Valente"},"content":{"rendered":"<h1>Weihnachtsgru\u00df aus Gente Valente<\/h1>\n<p><a href=\"http:\/\/globalenachbarn.org\/wp-content\/uploads\/2015\/03\/DSCF9011-Cu00F3pia.jpg\"><img loading=\"lazy\" decoding=\"async\" class=\"alignright wp-image-24 size-medium\" src=\"http:\/\/globalenachbarn.org\/wp-content\/uploads\/2015\/03\/DSCF9011-Cu00F3pia-300x148.jpg\" alt=\"FUNANB Weihnachtsgru\u00df 2014 3\" width=\"300\" height=\"148\" srcset=\"https:\/\/globalenachbarn.org\/wp-content\/uploads\/2015\/03\/DSCF9011-Cu00F3pia-300x148.jpg 300w, https:\/\/globalenachbarn.org\/wp-content\/uploads\/2015\/03\/DSCF9011-Cu00F3pia.jpg 1200w\" sizes=\"auto, (max-width: 300px) 100vw, 300px\" \/><\/a>Die KiTa feierte zusammen mit den M\u00e4dchen der Casa Antonita das Weihnachtsfest, mit dem in Brasilien die gro\u00dfen Sommerferien begannen.<\/p>\n<p><!--more--><\/p>\n<p><a href=\"http:\/\/globalenachbarn.org\/wp-content\/uploads\/2015\/03\/DSCF90462.jpg\"><img loading=\"lazy\" decoding=\"async\" class=\" wp-image-48 size-medium aligncenter\" src=\"http:\/\/globalenachbarn.org\/wp-content\/uploads\/2015\/03\/DSCF90462-300x225.jpg\" alt=\"FUNANB Weihnachtsgru\u00df 2014 2\" width=\"300\" height=\"225\" srcset=\"https:\/\/globalenachbarn.org\/wp-content\/uploads\/2015\/03\/DSCF90462-300x225.jpg 300w, https:\/\/globalenachbarn.org\/wp-content\/uploads\/2015\/03\/DSCF90462.jpg 1200w\" sizes=\"auto, (max-width: 300px) 100vw, 300px\" \/><\/a> Die Kinder pr\u00e4sentieren den Gru\u00df vor dem Haupteingang des &#8222;Centro Educacional Infantil&#8220; (w\u00f6rtlich: Kindererziehungszentrum).<\/p>\n<div id=\"attachment_41\" style=\"width: 310px\" class=\"wp-caption alignright\"><a href=\"http:\/\/globalenachbarn.org\/wp-content\/uploads\/2015\/03\/natal-2014-175.jpg\"><img loading=\"lazy\" decoding=\"async\" aria-describedby=\"caption-attachment-41\" class=\"wp-image-41 size-medium\" src=\"http:\/\/globalenachbarn.org\/wp-content\/uploads\/2015\/03\/natal-2014-175-300x225.jpg\" alt=\"Lebendige Krippe 2014\" width=\"300\" height=\"225\" srcset=\"https:\/\/globalenachbarn.org\/wp-content\/uploads\/2015\/03\/natal-2014-175-300x225.jpg 300w, https:\/\/globalenachbarn.org\/wp-content\/uploads\/2015\/03\/natal-2014-175.jpg 1200w\" sizes=\"auto, (max-width: 300px) 100vw, 300px\" \/><\/a><p id=\"caption-attachment-41\" class=\"wp-caption-text\">Die Lebendige Krippe nach dem Krippenspiel.<\/p><\/div>\n<div id=\"attachment_40\" style=\"width: 310px\" class=\"wp-caption alignnone\"><a href=\"http:\/\/globalenachbarn.org\/wp-content\/uploads\/2015\/03\/natal-2014-112.jpg\"><img loading=\"lazy\" decoding=\"async\" aria-describedby=\"caption-attachment-40\" class=\"wp-image-40 size-medium\" src=\"http:\/\/globalenachbarn.org\/wp-content\/uploads\/2015\/03\/natal-2014-112-300x225.jpg\" alt=\"Weihnachtschor\" width=\"300\" height=\"225\" \/><\/a><p id=\"caption-attachment-40\" class=\"wp-caption-text\">Der Weihnachtschor singt im Innenhof von Gente Valente.<\/p><\/div>\n<div id=\"attachment_24\" style=\"width: 310px\" class=\"wp-caption alignleft\"><a href=\"http:\/\/globalenachbarn.org\/wp-content\/uploads\/2015\/03\/DSCF9011-Cu00F3pia.jpg\"><img loading=\"lazy\" decoding=\"async\" aria-describedby=\"caption-attachment-24\" class=\"wp-image-24 size-medium\" src=\"http:\/\/globalenachbarn.org\/wp-content\/uploads\/2015\/03\/DSCF9011-Cu00F3pia-300x148.jpg\" alt=\"FUNANB Weihnachtsgru\u00df 2014 3\" width=\"300\" height=\"148\" srcset=\"https:\/\/globalenachbarn.org\/wp-content\/uploads\/2015\/03\/DSCF9011-Cu00F3pia-300x148.jpg 300w, https:\/\/globalenachbarn.org\/wp-content\/uploads\/2015\/03\/DSCF9011-Cu00F3pia.jpg 1200w\" sizes=\"auto, (max-width: 300px) 100vw, 300px\" \/><\/a><p id=\"caption-attachment-24\" class=\"wp-caption-text\">Das von den Kindern gestaltete Plakat mit dem Weihnachtsgru\u00df.<\/p><\/div>\n<p><a href=\"http:\/\/globalenachbarn.org\/wp-content\/uploads\/2015\/03\/DSCF9050.jpg\"><img loading=\"lazy\" decoding=\"async\" class=\" size-medium wp-image-26 alignnone\" src=\"http:\/\/globalenachbarn.org\/wp-content\/uploads\/2015\/03\/DSCF9050-300x225.jpg\" alt=\"FUNANB Weihnachtsgru\u00df 2014 1\" width=\"300\" height=\"225\" \/><\/a><\/p>\n<h2>\u00dcbersetzung des Gru\u00dfes<\/h2>\n<p>Liebe Freunde und Unterst\u00fctzer&#8230;<\/p>\n<p>m\u00f6ge die Feier der Heiligen Nacht uns bef\u00e4higen, Umarmungen und L\u00e4cheln zu vervielfachen, Gesten der Vergebung zu zeigen und ohne Gegenleistung zu dienen, zu lieben, zu schenken.<\/p>\n<p>Auf dass wir nicht nachlassen in dem Bestreben, jeden Tag aufs Neue den wahren Sinn des Weihnachtsfestes zu leben.<\/p>\n<p>Dies w\u00fcnschen aufrichtig, alle, die sich in der Stiftung Antonita Bandres f\u00fcr die Kita Gente Valente und das Jugendzentrum Casa Antonita einsetzen. Frohe Weihnachten!<\/p>\n<p>&nbsp;<\/p>\n","protected":false},"excerpt":{"rendered":"<p>Weihnachtsgru\u00df aus Gente Valente Die KiTa feierte zusammen mit den M\u00e4dchen der Casa Antonita das Weihnachtsfest, mit dem in Brasilien die gro\u00dfen Sommerferien begannen.<\/p>\n","protected":false},"author":2,"featured_media":41,"comment_status":"closed","ping_status":"closed","sticky":false,"template":"","format":"standard","meta":{"footnotes":""},"categories":[4,3],"tags":[],"class_list":["post-55","post","type-post","status-publish","format-standard","has-post-thumbnail","hentry","category-gv","category-so"],"_links":{"self":[{"href":"https:\/\/globalenachbarn.org\/index.php?rest_route=\/wp\/v2\/posts\/55","targetHints":{"allow":["GET"]}}],"collection":[{"href":"https:\/\/globalenachbarn.org\/index.php?rest_route=\/wp\/v2\/posts"}],"about":[{"href":"https:\/\/globalenachbarn.org\/index.php?rest_route=\/wp\/v2\/types\/post"}],"author":[{"embeddable":true,"href":"https:\/\/globalenachbarn.org\/index.php?rest_route=\/wp\/v2\/users\/2"}],"replies":[{"embeddable":true,"href":"https:\/\/globalenachbarn.org\/index.php?rest_route=%2Fwp%2Fv2%2Fcomments&post=55"}],"version-history":[{"count":9,"href":"https:\/\/globalenachbarn.org\/index.php?rest_route=\/wp\/v2\/posts\/55\/revisions"}],"predecessor-version":[{"id":758,"href":"https:\/\/globalenachbarn.org\/index.php?rest_route=\/wp\/v2\/posts\/55\/revisions\/758"}],"wp:featuredmedia":[{"embeddable":true,"href":"https:\/\/globalenachbarn.org\/index.php?rest_route=\/wp\/v2\/media\/41"}],"wp:attachment":[{"href":"https:\/\/globalenachbarn.org\/index.php?rest_route=%2Fwp%2Fv2%2Fmedia&parent=55"}],"wp:term":[{"taxonomy":"category","embeddable":true,"href":"https:\/\/globalenachbarn.org\/index.php?rest_route=%2Fwp%2Fv2%2Fcategories&post=55"},{"taxonomy":"post_tag","embeddable":true,"href":"https:\/\/globalenachbarn.org\/index.php?rest_route=%2Fwp%2Fv2%2Ftags&post=55"}],"curies":[{"name":"wp","href":"https:\/\/api.w.org\/{rel}","templated":true}]}}