{"id":773,"date":"2015-11-17T10:13:04","date_gmt":"2015-11-17T10:13:04","guid":{"rendered":"http:\/\/globalenachbarn.org\/?p=773"},"modified":"2016-04-02T10:34:43","modified_gmt":"2016-04-02T10:34:43","slug":"die-kindertagesstaette-gente-valente-durchlebt-schwierige-zeiten","status":"publish","type":"post","link":"https:\/\/globalenachbarn.org\/?p=773","title":{"rendered":"Die Kindertagesst\u00e4tte Gente Valente durchlebt schwierige Zeiten"},"content":{"rendered":"<h3>Zugesagte Gelder wurden nicht ausgezahlt<\/h3>\n<p>Die der staatlich anerkannten Kindertagesst\u00e4tte zustehenden Mittel der Bundesregierung aus Brasilia wurden von der Pr\u00e4fektur in Sobradinho bis Mitte des Jahres 2013 nicht ausgezahlt. Der dadurch entstandene finanzielle Engpass f\u00fchrte dazu, dass die Stiftung Antonita Bandres beide Einrichtungen (Casa Antonita und KiTa) vor\u00fcbergehend schlie\u00dfen musste. Auch die vom Pr\u00e4fekten zugesagten Arbeitskr\u00e4fte f\u00fcr die Bauma\u00dfnahme Hortgeb\u00e4ude blieben aus.<!--more--><\/p>\n<h3>Neue staatliche Vorgaben<\/h3>\n<p>Au\u00dferdem verlangt die Bundesregierung, dass zuk\u00fcnftig soziale Einrichtungen \u00fcberwiegend mit hauptamtlichen, also bezahlten Kr\u00e4ften gef\u00fchrt werden m\u00fcssen. Die KiTa wird bisher ausschlie\u00dflich von ehrenamtlichen Mitarbeiterinnen getragen.<\/p>\n<h3>Protest bei der Pr\u00e4fektur<\/h3>\n<div id=\"attachment_952\" style=\"width: 510px\" class=\"wp-caption alignleft\"><a href=\"http:\/\/globalenachbarn.org\/wp-content\/uploads\/2015\/12\/2013-08-05_reuniao_prefeito2.jpg\"><img loading=\"lazy\" decoding=\"async\" aria-describedby=\"caption-attachment-952\" class=\"size-large wp-image-952\" src=\"http:\/\/globalenachbarn.org\/wp-content\/uploads\/2015\/12\/2013-08-05_reuniao_prefeito2-500x375.jpg\" alt=\"Verhandlung beim B\u00fcrgermeister Luiz Vicente (erster v.l.). Rechts Marta, die den schwierigen Weg durch 25 Jahre darlegt.\" width=\"500\" height=\"375\" srcset=\"https:\/\/globalenachbarn.org\/wp-content\/uploads\/2015\/12\/2013-08-05_reuniao_prefeito2-500x375.jpg 500w, https:\/\/globalenachbarn.org\/wp-content\/uploads\/2015\/12\/2013-08-05_reuniao_prefeito2-150x113.jpg 150w, https:\/\/globalenachbarn.org\/wp-content\/uploads\/2015\/12\/2013-08-05_reuniao_prefeito2-300x225.jpg 300w, https:\/\/globalenachbarn.org\/wp-content\/uploads\/2015\/12\/2013-08-05_reuniao_prefeito2.jpg 1200w\" sizes=\"auto, (max-width: 500px) 100vw, 500px\" \/><\/a><p id=\"caption-attachment-952\" class=\"wp-caption-text\">Verhandlung beim B\u00fcrgermeister Luiz Vicente (erster v.l.). Rechts Marta, die den schwierigen Weg durch 25 Jahre darlegt.<\/p><\/div>\n<p>&nbsp;<\/p>\n<p>&nbsp;<\/p>\n<p>&nbsp;<\/p>\n<p>&nbsp;<\/p>\n<p>&nbsp;<\/p>\n<p>&nbsp;<\/p>\n<p>&nbsp;<\/p>\n<p>&nbsp;<\/p>\n<p>&nbsp;<\/p>\n<p>&nbsp;<\/p>\n<p>&nbsp;<\/p>\n<p>&nbsp;<\/p>\n<p>Im August 2013 legten der Vorstand der Stiftung und das Mitarbeiterteam beim neuen Pr\u00e4fekten von Sobradinho Protest ein und erl\u00e4uterten ihm in einer sehr emotionalen Rede die Entstehungsgeschichte der Einrichtungen und die Wichtigkeit f\u00fcr die B\u00fcrger der Stadt Sobradinho. Auch Globale Nachbarschaft sandte ein Protestschreiben an den neuen Pr\u00e4fekten.<\/p>\n<p>Daneben sorgte die Stiftung Antonita Bandres daf\u00fcr, dass die Bev\u00f6lkerung von Sobradinho \u00fcber die Gr\u00fcnde f\u00fcr die Schlie\u00dfung der Einrichtungen, insbesondere der Kindertagesst\u00e4tte mit ca. 150 Kindern, per Lautsprecherwagen informiert wurde.<\/p>\n<p>Im August 2013 beschlossen die Betreuerinnen, die Einrichtung <img loading=\"lazy\" decoding=\"async\" class=\"alignright size-medium wp-image-1179\" src=\"http:\/\/globalenachbarn.org\/wp-content\/uploads\/2015\/12\/lautsprecherwagen-300x225.jpg\" alt=\"lautsprecherwagen\" width=\"300\" height=\"225\" srcset=\"https:\/\/globalenachbarn.org\/wp-content\/uploads\/2015\/12\/lautsprecherwagen-300x225.jpg 300w, https:\/\/globalenachbarn.org\/wp-content\/uploads\/2015\/12\/lautsprecherwagen-150x113.jpg 150w, https:\/\/globalenachbarn.org\/wp-content\/uploads\/2015\/12\/lautsprecherwagen-768x576.jpg 768w, https:\/\/globalenachbarn.org\/wp-content\/uploads\/2015\/12\/lautsprecherwagen-500x375.jpg 500w, https:\/\/globalenachbarn.org\/wp-content\/uploads\/2015\/12\/lautsprecherwagen.jpg 1200w\" sizes=\"auto, (max-width: 300px) 100vw, 300px\" \/>vor\u00fcbergehend zu schlie\u00dfen, da die Mittel f\u00fcr die Versorgung der Kinder nicht mehr ausreichten. Mit den Lautsprecherwagen verbreiteten sie ihren Protest gegen die Stadtverwaltung und den B\u00fcrgermeister.<\/p>\n<h3>Erste Erfolge<\/h3>\n<p>Inzwischen hat der Pr\u00e4fekt eingelenkt. Er zahlte einen Teil des Geldes vom Bundesstaat aus und sagte f\u00fcr 2014 personelle Unterst\u00fctzung zu. So konnten KiTa und Casa Antonita wieder ge\u00f6ffnet und der ins Stocken geratene Bau des Hortgeb\u00e4udes fortgesetzt werden (s. Artikel <a href=\"http:\/\/globalenachbarn.org\/?p=775#more-775\" target=\"_blank\">&#8222;Bald kann Einweihung gefeiert werden &#8222;<\/a> ). Ohne den gro\u00dfen Einsatz und den Mut von Marta, der Leiterin der KiTa, und den anderen Mitgliedern des Vorstands der Stiftung Antonita Bandres w\u00e4re dieses Ergebnis nicht m\u00f6glich gewesen.<\/p>\n<p>Mit dem bisher von der Pr\u00e4fektur zur Verf\u00fcgung gestellten monatlichen Betrag kann die Einrichtung die Kinder zwar versorgen, aber nichts f\u00fcr die offizielle Registrierung der Mitarbeiterinnen zahlen. Dies ist aber dringend n\u00f6tig und sollte mit einem deutlich h\u00f6heren Beitrag 2014 erreicht werden. Diese Zusage hat der Pr\u00e4fekt nicht eingel\u00f6st.<\/p>\n<h3>Probleml\u00f6sungen<\/h3>\n<p>Trotz der reduzierten Zahl von Mitarbeiterinnen in der Kindertagesst\u00e4tte Gente Valente geht die Arbeit weiter.\u00a0GN \u00fcberlegt, ob und in welcher Form bei der L\u00f6sung des Personalproblems geholfen werden kann. Dies setzt voraus, dass die Pr\u00e4fektur ihren Verpflichtungen nachkommt. Der B\u00fcrgermeister hat zwar 2015 neuerlich versprochen, einen Teil der Mitarbeiterinnen zu bezahlen, doch das bleiben wahrscheinlich leere Worte. So muss die Einrichtung darauf hoffen, dass der Bundesstaat keine Konsequenzen wegen der nicht erf\u00fcllten Vorschriften bez\u00fcglich des Personals zieht.<\/p>\n<div id=\"attachment_940\" style=\"width: 310px\" class=\"wp-caption alignleft\"><a href=\"http:\/\/globalenachbarn.org\/wp-content\/uploads\/2015\/12\/monitoramento.jpg\"><img loading=\"lazy\" decoding=\"async\" aria-describedby=\"caption-attachment-940\" class=\"wp-image-940 size-medium\" src=\"http:\/\/globalenachbarn.org\/wp-content\/uploads\/2015\/12\/monitoramento-300x225.jpg\" alt=\"\" width=\"300\" height=\"225\" srcset=\"https:\/\/globalenachbarn.org\/wp-content\/uploads\/2015\/12\/monitoramento-300x225.jpg 300w, https:\/\/globalenachbarn.org\/wp-content\/uploads\/2015\/12\/monitoramento-150x113.jpg 150w, https:\/\/globalenachbarn.org\/wp-content\/uploads\/2015\/12\/monitoramento-500x375.jpg 500w, https:\/\/globalenachbarn.org\/wp-content\/uploads\/2015\/12\/monitoramento.jpg 1200w\" sizes=\"auto, (max-width: 300px) 100vw, 300px\" \/><\/a><p id=\"caption-attachment-940\" class=\"wp-caption-text\">Video-\u00dcberwachung in den R\u00e4umen der KiTa w\u00e4hrend der Mittagsruhe.<\/p><\/div>\n<p>Inzwischen werden an einem Monitor alle R\u00e4ume der KiTa \u00fcberwacht, was f\u00fcr die Mitarbeiterinnen und insbesondere f\u00fcr die Leiterin Marta eine gro\u00dfe Erleichterung ist.<\/p>\n","protected":false},"excerpt":{"rendered":"<p>Zugesagte Gelder wurden nicht ausgezahlt Die der staatlich anerkannten Kindertagesst\u00e4tte zustehenden Mittel der Bundesregierung aus Brasilia wurden von der Pr\u00e4fektur in Sobradinho bis Mitte des Jahres 2013 nicht ausgezahlt. Der <a class=\"more-link\" href=\"https:\/\/globalenachbarn.org\/?p=773\">Weiter lesen \u2192<\/a><\/p>\n","protected":false},"author":3,"featured_media":950,"comment_status":"open","ping_status":"open","sticky":false,"template":"","format":"standard","meta":{"footnotes":""},"categories":[4,3],"tags":[33,36,34,35,32],"class_list":["post-773","post","type-post","status-publish","format-standard","has-post-thumbnail","hentry","category-gv","category-so","tag-erfolge","tag-finanzierung","tag-praefektur","tag-staatliche-zuschuesse","tag-zugesagte-gelder"],"_links":{"self":[{"href":"https:\/\/globalenachbarn.org\/index.php?rest_route=\/wp\/v2\/posts\/773","targetHints":{"allow":["GET"]}}],"collection":[{"href":"https:\/\/globalenachbarn.org\/index.php?rest_route=\/wp\/v2\/posts"}],"about":[{"href":"https:\/\/globalenachbarn.org\/index.php?rest_route=\/wp\/v2\/types\/post"}],"author":[{"embeddable":true,"href":"https:\/\/globalenachbarn.org\/index.php?rest_route=\/wp\/v2\/users\/3"}],"replies":[{"embeddable":true,"href":"https:\/\/globalenachbarn.org\/index.php?rest_route=%2Fwp%2Fv2%2Fcomments&post=773"}],"version-history":[{"count":12,"href":"https:\/\/globalenachbarn.org\/index.php?rest_route=\/wp\/v2\/posts\/773\/revisions"}],"predecessor-version":[{"id":2046,"href":"https:\/\/globalenachbarn.org\/index.php?rest_route=\/wp\/v2\/posts\/773\/revisions\/2046"}],"wp:featuredmedia":[{"embeddable":true,"href":"https:\/\/globalenachbarn.org\/index.php?rest_route=\/wp\/v2\/media\/950"}],"wp:attachment":[{"href":"https:\/\/globalenachbarn.org\/index.php?rest_route=%2Fwp%2Fv2%2Fmedia&parent=773"}],"wp:term":[{"taxonomy":"category","embeddable":true,"href":"https:\/\/globalenachbarn.org\/index.php?rest_route=%2Fwp%2Fv2%2Fcategories&post=773"},{"taxonomy":"post_tag","embeddable":true,"href":"https:\/\/globalenachbarn.org\/index.php?rest_route=%2Fwp%2Fv2%2Ftags&post=773"}],"curies":[{"name":"wp","href":"https:\/\/api.w.org\/{rel}","templated":true}]}}