{"id":775,"date":"2015-11-17T10:40:56","date_gmt":"2015-11-17T10:40:56","guid":{"rendered":"http:\/\/globalenachbarn.org\/?p=775"},"modified":"2022-09-23T11:21:46","modified_gmt":"2022-09-23T11:21:46","slug":"trotz-der-stockungen-beim-bau-des-hortgebaeudes-auf-dem-gelaende-der-kindertagesstaette-gente-valente-s-artikel-schwierige-zeiten-kann-bald-einweihung-gefeiert-werden","status":"publish","type":"post","link":"https:\/\/globalenachbarn.org\/?p=775","title":{"rendered":"Umbau der Kindertagesst\u00e4tte"},"content":{"rendered":"<p>Trotz der Stockungen beim Bau des Hortgeb\u00e4udes auf dem Gel\u00e4nde der Kindertagesst\u00e4tte Gente Valente (s.&nbsp; &#8222;<a href=\"http:\/\/globalenachbarn.org\/?p=773\">Schwierige Zeiten<\/a>&#8220; ) kann bald Einweihung gefeiert werden.<!--more--><\/p>\n<h3>Dach und Untergeschoss sind fertig<\/h3>\n<p>In der zweiten Jahresh\u00e4lfte 2013 konnte mit Unterst\u00fctzung von GN und der niederl\u00e4ndischen <a href=\"http:\/\/sov-veere.nl\/\" target=\"_blank\" rel=\"noopener\">Partnergru<\/a><a href=\"http:\/\/sov-veere.nl\/\" target=\"_blank\" rel=\"noopener\">ppe<\/a><a href=\"http:\/\/sov-veere.nl\/\" target=\"_blank\" rel=\"noopener\"> S.O.V.<\/a> der Neubau der R\u00e4ume f\u00fcr Hort-Gruppen sowie Verwaltung und Lager fortgesetzt werden. Ende September wurde der Rohbau mit den zwei Geschossen von au\u00dfen verputzt und bemalt und im Oktober die Dachkonstruktion aufgesetzt.<\/p>\n\n\t\t<style type=\"text\/css\">\n\t\t\t#gallery-1 {\n\t\t\t\tmargin: auto;\n\t\t\t}\n\t\t\t#gallery-1 .gallery-item {\n\t\t\t\tfloat: left;\n\t\t\t\tmargin-top: 10px;\n\t\t\t\ttext-align: center;\n\t\t\t\twidth: 33%;\n\t\t\t}\n\t\t\t#gallery-1 img {\n\t\t\t\tborder: 2px solid #cfcfcf;\n\t\t\t}\n\t\t\t#gallery-1 .gallery-caption {\n\t\t\t\tmargin-left: 0;\n\t\t\t}\n\t\t\t\/* see gallery_shortcode() in wp-includes\/media.php *\/\n\t\t<\/style>\n\t\t<div id='gallery-1' class='gallery galleryid-775 gallery-columns-3 gallery-size-large'><dl class='gallery-item'>\n\t\t\t<dt class='gallery-icon landscape'>\n\t\t\t\t<a href='https:\/\/globalenachbarn.org\/?attachment_id=1163#main'><img loading=\"lazy\" decoding=\"async\" width=\"500\" height=\"375\" src=\"https:\/\/globalenachbarn.org\/wp-content\/uploads\/2015\/12\/hortgeb\u00e4ude-klein-500x375.jpg\" class=\"attachment-large size-large\" alt=\"\" aria-describedby=\"gallery-1-1163\" srcset=\"https:\/\/globalenachbarn.org\/wp-content\/uploads\/2015\/12\/hortgeb\u00e4ude-klein-500x375.jpg 500w, https:\/\/globalenachbarn.org\/wp-content\/uploads\/2015\/12\/hortgeb\u00e4ude-klein-150x113.jpg 150w, https:\/\/globalenachbarn.org\/wp-content\/uploads\/2015\/12\/hortgeb\u00e4ude-klein-300x225.jpg 300w, https:\/\/globalenachbarn.org\/wp-content\/uploads\/2015\/12\/hortgeb\u00e4ude-klein-768x576.jpg 768w, https:\/\/globalenachbarn.org\/wp-content\/uploads\/2015\/12\/hortgeb\u00e4ude-klein.jpg 1000w\" sizes=\"auto, (max-width: 500px) 100vw, 500px\" \/><\/a>\n\t\t\t<\/dt>\n\t\t\t\t<dd class='wp-caption-text gallery-caption' id='gallery-1-1163'>\n\t\t\t\tso sieht das fertige, neue Hortgeb\u00e4ude aus\n\t\t\t\t<\/dd><\/dl>\n\t\t\t<br style='clear: both' \/>\n\t\t<\/div>\n\n<p>Weil Anfang 2014 die Bauleute der Pr\u00e4fektur ausblieben, nahmen die Mitarbeiterinnen der KiTa die Verputz- und Malerarbeiten selbst in die Hand. So konnten sie zu Beginn des neuen Kindergartenjahres die neuen R\u00e4ume mit den Kindern nutzen. Auch das B\u00fcro von Marta sollte endlich fertig werden, nachdem sie diese T\u00e4tigkeit jahrelang in der Vorratskammer aus\u00fcben musste.<\/p>\n<p>&nbsp;<\/p>\n","protected":false},"excerpt":{"rendered":"<p>Trotz der Stockungen beim Bau des Hortgeb\u00e4udes auf dem Gel\u00e4nde der Kindertagesst\u00e4tte Gente Valente (s.&nbsp; &#8222;Schwierige Zeiten&#8220; ) kann bald Einweihung gefeiert werden.<\/p>\n","protected":false},"author":3,"featured_media":0,"comment_status":"open","ping_status":"open","sticky":false,"template":"","format":"standard","meta":{"footnotes":""},"categories":[4,3],"tags":[],"class_list":["post-775","post","type-post","status-publish","format-standard","hentry","category-gv","category-so"],"_links":{"self":[{"href":"https:\/\/globalenachbarn.org\/index.php?rest_route=\/wp\/v2\/posts\/775","targetHints":{"allow":["GET"]}}],"collection":[{"href":"https:\/\/globalenachbarn.org\/index.php?rest_route=\/wp\/v2\/posts"}],"about":[{"href":"https:\/\/globalenachbarn.org\/index.php?rest_route=\/wp\/v2\/types\/post"}],"author":[{"embeddable":true,"href":"https:\/\/globalenachbarn.org\/index.php?rest_route=\/wp\/v2\/users\/3"}],"replies":[{"embeddable":true,"href":"https:\/\/globalenachbarn.org\/index.php?rest_route=%2Fwp%2Fv2%2Fcomments&post=775"}],"version-history":[{"count":9,"href":"https:\/\/globalenachbarn.org\/index.php?rest_route=\/wp\/v2\/posts\/775\/revisions"}],"predecessor-version":[{"id":2384,"href":"https:\/\/globalenachbarn.org\/index.php?rest_route=\/wp\/v2\/posts\/775\/revisions\/2384"}],"wp:attachment":[{"href":"https:\/\/globalenachbarn.org\/index.php?rest_route=%2Fwp%2Fv2%2Fmedia&parent=775"}],"wp:term":[{"taxonomy":"category","embeddable":true,"href":"https:\/\/globalenachbarn.org\/index.php?rest_route=%2Fwp%2Fv2%2Fcategories&post=775"},{"taxonomy":"post_tag","embeddable":true,"href":"https:\/\/globalenachbarn.org\/index.php?rest_route=%2Fwp%2Fv2%2Ftags&post=775"}],"curies":[{"name":"wp","href":"https:\/\/api.w.org\/{rel}","templated":true}]}}