{"id":832,"date":"2013-06-01T12:10:39","date_gmt":"2013-06-01T12:10:39","guid":{"rendered":"http:\/\/globalenachbarn.org\/?p=832"},"modified":"2023-01-09T01:08:20","modified_gmt":"2023-01-09T01:08:20","slug":"das-buergerradio-geht-ans-netz","status":"publish","type":"post","link":"https:\/\/globalenachbarn.org\/?p=832","title":{"rendered":"Das B\u00fcrgerradio geht ans Netz"},"content":{"rendered":"<p>Endlich, am 01. Mai 2013 war es soweit.<br \/>\nDas Radio Comunitaria Sao Francisco Sobradinho wurde in Betrieb genommen.<\/p>\n<p><!--more--><\/p>\n<p><a href=\"http:\/\/globalenachbarn.org\/wp-content\/uploads\/2015\/11\/accs-er\u00f6ffnung-radio-2013-05.png\"><img loading=\"lazy\" decoding=\"async\" class=\"alignnone wp-image-986\" src=\"http:\/\/globalenachbarn.org\/wp-content\/uploads\/2015\/11\/accs-er\u00f6ffnung-radio-2013-05-500x402.png\" alt=\"Feierliche Er\u00f6ffnung des B\u00fcrgerradios Sobradinho im Mai 2013\" width=\"700\" height=\"563\" srcset=\"https:\/\/globalenachbarn.org\/wp-content\/uploads\/2015\/11\/accs-er\u00f6ffnung-radio-2013-05-500x402.png 500w, https:\/\/globalenachbarn.org\/wp-content\/uploads\/2015\/11\/accs-er\u00f6ffnung-radio-2013-05-150x121.png 150w, https:\/\/globalenachbarn.org\/wp-content\/uploads\/2015\/11\/accs-er\u00f6ffnung-radio-2013-05-300x241.png 300w, https:\/\/globalenachbarn.org\/wp-content\/uploads\/2015\/11\/accs-er\u00f6ffnung-radio-2013-05.png 896w\" sizes=\"auto, (max-width: 700px) 100vw, 700px\" \/><\/a><\/p>\n<p>In Gegenwart des Pr\u00e4fekten Luiz Vicente und anderen Pers\u00f6nlichkeiten des \u00f6ffentlichen Lebens von Sobradinho wurde am Donnerstagmorgen, den 01. Mai 2013 das B\u00fcrgerradio Sao Francisco FM 104,9 er\u00f6ffnet. Der Pr\u00e4fekt betonte in seiner Ansprache, dass der Sender der st\u00e4dtischen wie l\u00e4ndlichen Bev\u00f6lkerung der Kommune einen gro\u00dfen Dienst erweisen werde. Das B\u00fcrgerradio hat eine Reichweite von 25 km.<\/p>\n<p>Der Direktor Paulo Ferreira vom Tr\u00e4gerverein ACCS des B\u00fcrgerradios wies darauf hin, dass es 16 Jahre Einsatz (und Kampf mit den brasilianischen Beh\u00f6rden) gebraucht hat, bis der Traum endlich Wirklichkeit werden konnte. Er begl\u00fcckw\u00fcnschte die B\u00fcrger von Sobradinho zu dieser neuen Errungenschaft.<\/p>\n","protected":false},"excerpt":{"rendered":"<p>Endlich, am 01. Mai 2013 war es soweit. Das Radio Comunitaria Sao Francisco Sobradinho wurde in Betrieb genommen.<\/p>\n","protected":false},"author":5,"featured_media":3086,"comment_status":"open","ping_status":"open","sticky":false,"template":"","format":"standard","meta":{"footnotes":""},"categories":[8],"tags":[],"class_list":["post-832","post","type-post","status-publish","format-standard","has-post-thumbnail","hentry","category-radio"],"_links":{"self":[{"href":"https:\/\/globalenachbarn.org\/index.php?rest_route=\/wp\/v2\/posts\/832","targetHints":{"allow":["GET"]}}],"collection":[{"href":"https:\/\/globalenachbarn.org\/index.php?rest_route=\/wp\/v2\/posts"}],"about":[{"href":"https:\/\/globalenachbarn.org\/index.php?rest_route=\/wp\/v2\/types\/post"}],"author":[{"embeddable":true,"href":"https:\/\/globalenachbarn.org\/index.php?rest_route=\/wp\/v2\/users\/5"}],"replies":[{"embeddable":true,"href":"https:\/\/globalenachbarn.org\/index.php?rest_route=%2Fwp%2Fv2%2Fcomments&post=832"}],"version-history":[{"count":4,"href":"https:\/\/globalenachbarn.org\/index.php?rest_route=\/wp\/v2\/posts\/832\/revisions"}],"predecessor-version":[{"id":3415,"href":"https:\/\/globalenachbarn.org\/index.php?rest_route=\/wp\/v2\/posts\/832\/revisions\/3415"}],"wp:featuredmedia":[{"embeddable":true,"href":"https:\/\/globalenachbarn.org\/index.php?rest_route=\/wp\/v2\/media\/3086"}],"wp:attachment":[{"href":"https:\/\/globalenachbarn.org\/index.php?rest_route=%2Fwp%2Fv2%2Fmedia&parent=832"}],"wp:term":[{"taxonomy":"category","embeddable":true,"href":"https:\/\/globalenachbarn.org\/index.php?rest_route=%2Fwp%2Fv2%2Fcategories&post=832"},{"taxonomy":"post_tag","embeddable":true,"href":"https:\/\/globalenachbarn.org\/index.php?rest_route=%2Fwp%2Fv2%2Ftags&post=832"}],"curies":[{"name":"wp","href":"https:\/\/api.w.org\/{rel}","templated":true}]}}