{"id":946,"date":"2015-12-02T07:29:09","date_gmt":"2015-12-02T07:29:09","guid":{"rendered":"http:\/\/globalenachbarn.org\/?p=946"},"modified":"2023-01-09T00:38:32","modified_gmt":"2023-01-09T00:38:32","slug":"die-kindertagesstaette","status":"publish","type":"post","link":"https:\/\/globalenachbarn.org\/?p=946","title":{"rendered":"Die Kindertagesst\u00e4tte"},"content":{"rendered":"\n<p>Die Geschichte von Gente Valente in Sobradinho<\/p>\n\n\n\n<!--more-->\n\n\n\n<p>Gente Valente, das hei\u00dft frei \u00fcbersetzt \u201ewertgesch\u00e4tzte Leute\u201c und ist der Name der Einrichtung, die seit 1988 in Sobradinho daf\u00fcr arbeitet, dass besonders Kinder alleinerziehender M\u00fctter vom Kleinkind bis zum Grundschulalter \u00fcber Tag gut untergebracht, ern\u00e4hrt und gef\u00f6rdert werden. M\u00fctter k\u00f6nnen dank der KiTa ihren Lebensunterhalt verdienen, ohne ihre Kinder vernachl\u00e4ssigen zu m\u00fcssen.<\/p>\n\n\n\n<p>Kinder sollen Kind sein d\u00fcrfen und nicht gezwungen sein, auf der Stra\u00dfe gro\u00df zu werden, j\u00fcngere Geschwister aufzuziehen oder mit f\u00fcr den Lebensunterhalt der Familie zu sorgen. Einen finanziellen Beitrag, wie er von einem staatlichen Kindergarten verlangt w\u00fcrde, k\u00f6nnen sich diese Familien nicht leisten. Sie beteiligen sich aber durch die Bereitstellung von Naturalien, durch Betreuungszeiten oder Arbeitseins\u00e4tze. Derzeit besuchen \u00fcber 130 Kinder die drei Altersbereiche der Kindertagesst\u00e4tte, f\u00fcr die durch Spenden bereits einiges erreicht werden konnte:<\/p>\n\n\n<div class=\"wp-block-image\">\n<figure class=\"alignright\"><a href=\"http:\/\/globalenachbarn.org\/wp-content\/uploads\/2015\/12\/cgv_2006_bercario2.jpg\"><img loading=\"lazy\" decoding=\"async\" width=\"300\" height=\"225\" src=\"http:\/\/globalenachbarn.org\/wp-content\/uploads\/2015\/12\/cgv_2006_bercario2-300x225.jpg\" alt=\"Die Kinderkrippe f\u00fcr die unter Zweij\u00e4hrigen nach der Sanierung 2006.\" class=\"wp-image-948\" srcset=\"https:\/\/globalenachbarn.org\/wp-content\/uploads\/2015\/12\/cgv_2006_bercario2-300x225.jpg 300w, https:\/\/globalenachbarn.org\/wp-content\/uploads\/2015\/12\/cgv_2006_bercario2-150x113.jpg 150w, https:\/\/globalenachbarn.org\/wp-content\/uploads\/2015\/12\/cgv_2006_bercario2.jpg 500w\" sizes=\"auto, (max-width: 300px) 100vw, 300px\" \/><\/a><figcaption class=\"wp-element-caption\">Die Kinderkrippe f\u00fcr die unter Zweij\u00e4hrigen nach der Sanierung 2006.<\/figcaption><\/figure><\/div>\n\n\n<p>Die Krippe der Kita nimmt in Einzelf\u00e4llen schon S\u00e4uglinge ab drei Monaten auf, w\u00e4hrend der Hortbereich Kinder neben dem Besuch einer Grundschule betreut.<\/p>\n\n\n\n<p>Die zum Teil ehrenamtlichen Mitarbeiterinnen sorgen nicht nur f\u00fcr die gute Ern\u00e4hrung der Kinder, sondern f\u00f6rdern sie durch Spielen, Singen und Geschichten erz\u00e4hlen. Die Frauen schenken den Kindern durch ihre liebevolle F\u00fcrsorge ein zweites Zuhause, in dem sie geborgen aufwachsen.<\/p>\n\n\n\n<p>Das Projekt wurde 1988 durch Ordensschwestern angesto\u00dfen und wird heute von der \u00f6rtlichen Stiftung \u201cAntonita Bandres\u201d getragen.<br>Im Juni 2005 konnte der Tr\u00e4ger den Umbau des Krippenbereiches abschlie\u00dfen, nachdem sie zuvor neue Sanit\u00e4ranlagen f\u00fcr die gr\u00f6\u00dferen Kinder gebaut hatten. Globale Nachbarschaft unterst\u00fctzte dieses Vorhaben finanziell und beriet die Kita und die Stiftung bei der Planung des Umbaus.<\/p>\n\n\n<div class=\"wp-block-image\">\n<figure class=\"alignleft size-large\"><img loading=\"lazy\" decoding=\"async\" width=\"500\" height=\"304\" src=\"https:\/\/globalenachbarn.org\/wp-content\/uploads\/2016\/01\/cgv_2003_front-500x304.jpg\" alt=\"\" class=\"wp-image-1640\" srcset=\"https:\/\/globalenachbarn.org\/wp-content\/uploads\/2016\/01\/cgv_2003_front.jpg 500w, https:\/\/globalenachbarn.org\/wp-content\/uploads\/2016\/01\/cgv_2003_front-150x91.jpg 150w, https:\/\/globalenachbarn.org\/wp-content\/uploads\/2016\/01\/cgv_2003_front-300x182.jpg 300w\" sizes=\"auto, (max-width: 500px) 100vw, 500px\" \/><figcaption class=\"wp-element-caption\">Das zentrale Geb\u00e4ude der KiTa im Jahr 2003. Damals gab es noch keinen \u00fcberdachten Hof, keinen Spielplatz und es fehlten R\u00e4ume f\u00fcr Gruppen, die entweder in dem alten H\u00e4uschen links untergebracht wurden oder sich bei Hitze und Regen im Freien aufhielten.<\/figcaption><\/figure><\/div>\n\n\n<p>In den Jahren 2002 und 2003 unterst\u00fctzten wir die Erweiterung der K\u00fcche und den Bau eines Essraumes. Vorher nahmen die Kinder ihre Mahlzeiten im Freien ein, bei praller Sonne und viel Staub. Der Umbau ist erfolgreich abgeschlossen (siehe Bilderserie) und die Lebens- und Arbeitsbedingungen in der Kita haben sich sehr verbessert.<\/p>\n","protected":false},"excerpt":{"rendered":"<p>Die Geschichte von Gente Valente in Sobradinho<\/p>\n","protected":false},"author":2,"featured_media":864,"comment_status":"closed","ping_status":"open","sticky":false,"template":"","format":"standard","meta":{"footnotes":""},"categories":[4,103],"tags":[],"class_list":["post-946","post","type-post","status-publish","format-standard","has-post-thumbnail","hentry","category-gv","category-public"],"_links":{"self":[{"href":"https:\/\/globalenachbarn.org\/index.php?rest_route=\/wp\/v2\/posts\/946","targetHints":{"allow":["GET"]}}],"collection":[{"href":"https:\/\/globalenachbarn.org\/index.php?rest_route=\/wp\/v2\/posts"}],"about":[{"href":"https:\/\/globalenachbarn.org\/index.php?rest_route=\/wp\/v2\/types\/post"}],"author":[{"embeddable":true,"href":"https:\/\/globalenachbarn.org\/index.php?rest_route=\/wp\/v2\/users\/2"}],"replies":[{"embeddable":true,"href":"https:\/\/globalenachbarn.org\/index.php?rest_route=%2Fwp%2Fv2%2Fcomments&post=946"}],"version-history":[{"count":4,"href":"https:\/\/globalenachbarn.org\/index.php?rest_route=\/wp\/v2\/posts\/946\/revisions"}],"predecessor-version":[{"id":3402,"href":"https:\/\/globalenachbarn.org\/index.php?rest_route=\/wp\/v2\/posts\/946\/revisions\/3402"}],"wp:featuredmedia":[{"embeddable":true,"href":"https:\/\/globalenachbarn.org\/index.php?rest_route=\/wp\/v2\/media\/864"}],"wp:attachment":[{"href":"https:\/\/globalenachbarn.org\/index.php?rest_route=%2Fwp%2Fv2%2Fmedia&parent=946"}],"wp:term":[{"taxonomy":"category","embeddable":true,"href":"https:\/\/globalenachbarn.org\/index.php?rest_route=%2Fwp%2Fv2%2Fcategories&post=946"},{"taxonomy":"post_tag","embeddable":true,"href":"https:\/\/globalenachbarn.org\/index.php?rest_route=%2Fwp%2Fv2%2Ftags&post=946"}],"curies":[{"name":"wp","href":"https:\/\/api.w.org\/{rel}","templated":true}]}}