{"id":991,"date":"2015-02-14T15:28:37","date_gmt":"2015-02-14T15:28:37","guid":{"rendered":"http:\/\/globalenachbarn.org\/?p=991"},"modified":"2016-11-14T11:52:36","modified_gmt":"2016-11-14T11:52:36","slug":"jahresbericht-vorstand-2014","status":"publish","type":"post","link":"https:\/\/globalenachbarn.org\/?p=991","title":{"rendered":"Jahresbericht Vorstand 2014"},"content":{"rendered":"<h2>Jahresbericht 2014 des Vorstandes von Globale Nachbarschaft e.V.<\/h2>\n<p>Die Gesch\u00e4fte des Vereins f\u00fchrte der Vorstand, bestehend aus Maria B\u00fcscher (Vorsitzen\u00adde), Rolf Segadlo (stellvertretender Vorsitzender) und Frauke Kl\u00f6ser (Kassenf\u00fchrerin). Zu diesem Bericht geh\u00f6ren die Aufstellung der Einnahmen und Ausgaben f\u00fcr das Jahr 2014 und die Bilanz der Bu\u00adchungskonten.<\/p>\n<p><!--more--><\/p>\n<h2>F\u00f6rderung von Projekten in Sobradinho &#8211; BA, Brasilien<\/h2>\n<h3>Kindertagesst\u00e4tte Gente Valente (CGV)<\/h3>\n<p>In diesem Jahr konnte die letzte der gro\u00dfen Neubauma\u00dfnahmen in der Kindertagesst\u00e4tte fertig gestellt werden. Nach dem Versammlungsraum und dem Spielplatz wurde auch das Hortgeb\u00e4ude gebaut unter gro\u00dfem Einsatz der beteiligten Spender, der Mitglieder Stiftung Antonita Bandres und der Mitarbeiterinnen sowie Freunden der Einrichtung, die immer wieder ohne Verg\u00fctung mit Hand angelegt haben.<br \/>\nDa die Pr\u00e4fektur den von ihr \u00fcbernommenen Verpflichtungen nur teilweise nachkam und das im Rohbau befindliche Geb\u00e4ude f\u00fcr den Hort und das Stiftungsb\u00fcro in der Regenzeit keinen Schaden nehmen sollte, wurden mit Unterst\u00fctzung der Stiftung aus Veere (SOV) Handwerker bezahlt und\u00a0 zus\u00e4tzlich Arbeitseins\u00e4tze vor Ort organisiert.<br \/>\nF\u00fcr die Ausstattung des Kindergartens wurde zudem ungef\u00e4hr die H\u00e4lfte des Erl\u00f6ses vom WM-Tippspiel,\u00a0 genau 736\u20ac verwendet. Die andere H\u00e4lfte war zun\u00e4chst f\u00fcr die Zahlung von Sozialversicherungsbeitr\u00e4gen f\u00fcr einzelne Mitarbeiterinnen vorgesehen. Die Umsetzung erwies sich allerdings wegen b\u00fcrokratischer H\u00fcrden als schwierig. Was aus den \u00dcberlegungen f\u00fcr eine derartige Unterst\u00fctzung der Mitarbeiterinnen wird, soll bei den Gespr\u00e4chen vor Ort im Sommer 2015 gekl\u00e4rt werden.<br \/>\nF\u00fcr die allgemeinen Kosten der Kindertagesst\u00e4tte hat GN in diesem Jahr 2.000\u20ac Zuschuss ge\u00adgeben. Dabei handelt es sich im wesentlichen um Kosten f\u00fcr Energie (Strom und Gas), Telefon und Verbrauchsmaterial des Haushaltes und der Kinder.<\/p>\n<h3>Jugendzentrum Casa Antonita<\/h3>\n<p>Die Situation des Geb\u00e4udes, in dem das Tagesheim f\u00fcr M\u00e4dchen, \u201eCasa das Adolescentes Anto\u00adnita\u201c (CAA) untergebracht ist, hat sich so verschlechtert, dass die l\u00e4ngst \u00fcberf\u00e4llige Sanierung begonnen wurde. \u00dcber dem Speiseraum drohte das Dach einzubrechen. Mittlerweile ist die Dach- und K\u00fcchensanierung im Rohbau fertig. Verputzen, Fliesenlegen und das Anbringen der Arbeitsplatte stehen noch aus. Die Anfrage an die Pr\u00e4fektur f\u00fcr eine Unterst\u00fctzung bei den Lohnkosten durch das Stellen von Handwerkern, die bei der Pr\u00e4fektur besch\u00e4ftigt sind, wurde abgelehnt. Bisher wurden von GN 1008 Euro zur Verf\u00fcgung gestellt. Au\u00dferdem wurde der oben genannte zweite Teil des Tippspielerl\u00f6ses von 838\u20ac wegen der gro\u00dfen Dringlichkeit hier eingesetzt.<\/p>\n<p>Das Casa Antonita (CAA), betreute 2014 wieder im Schnitt 20 M\u00e4dchen im Alter von 11 bis 17 Jahren. GN unterst\u00fctzte die von der FAB getragene Ein\u00adrichtung wie in den vorigen Jahren bei der Ern\u00e4hrung der M\u00e4dchen mit 2000\u20ac und den allgemeinen Kosten (Wasser, Verbrauchsmaterial, Material f\u00fcr Werkst\u00e4tten, K\u00fcche) mit 500\u20ac. Um die Funktion des Computerraumes wieder herzustellen wurde au\u00dferdem der Kauf eines neuen Servers mit 500\u20ac erm\u00f6glicht.<\/p>\n<h3>Stiftung Antonita Bandres (FAB)<\/h3>\n<p>Als gemeinn\u00fctzige Stiftung ist die FAB zu einer ausf\u00fchrlichen Buchf\u00fchrung verpflichtet, f\u00fcr die sie professionelle Dienstleistungen ben\u00f6tigt. Au\u00dferdem fallen Geb\u00fchren f\u00fcr Kontof\u00fchrung und f\u00fcr zahlreiche amtliche Papiere und Beglaubigungen an. F\u00fcr diese Kosten gab GN wieder einen Zuschuss in H\u00f6he von 500\u20ac.<\/p>\n<h3>Projekt der gemeinschaftlichen Aktion Sobradinho (PACS)<\/h3>\n<p>Das Projekt betreut etwa 150 Kinder und Jugendliche zwischen 6 und 16 Jahren neben deren Schulbesuch. GN hat 2014 wieder 500\u20ac \u00fcberwiesen f\u00fcr allgemeine Kosten und Materialien, um offene Ange\u00adbote mit sportlichen und kreativen Aktivit\u00e4ten anbieten zu k\u00f6nnen. Bei der Delegationsfahrt im Sommer 2015 soll die Einrichtung besucht werden, um zu kl\u00e4ren, ob GN dieses Projekt, dessen Personal von der Pr\u00e4fektur gestellt wird, weiter f\u00f6rdern wird.<\/p>\n<h3>Landwirtschaftliche Familienschule (EFA) in Garraf\u00e3o &#8211; ES, Brasilien<\/h3>\n<p>In diesem Jahr gab es von der Landwirtschaftliche Familienschule (EFA) in Garraf\u00e3o lediglich eine Anfrage, ob GN sich vorstellen kann die Schule bei der Finanzierung einer neuen K\u00fcche zu unterst\u00fctzen. Es gibt aber noch keine ausgearbeiteten Planungen oder gar Kostenvoranschl\u00e4ge. Auf jeden Fall wird von Seiten der Partner vor Ort dieser Bauma\u00dfnahme Priorit\u00e4t vor dem Bau des Hausmeisterhauses einger\u00e4umt. Da es auch in diesem Jahr noch keine Antr\u00e4ge auf Unterst\u00fctzung von Praxisprojekten der Sch\u00fcler in der Oberstufe gab, konnte auch hier keine m\u00f6gliche Bezuschussung gepr\u00fcft werden.<br \/>\nDa sich die R\u00fccklagen f\u00fcr diese Projekte mittlerweile auf insgesamt 7361\u20ac belaufen, pr\u00fcft der Vorstand, ob sich ein Teil der Mittel f\u00fcr \u00e4hnliche Zwecke einsetzen lassen. Dazu gibt es einen guten Kontakt zu einer vergleichbaren Einrichtung in Sobradinho (Landwirtschaftliche Familienschule Sobradinho EFAS). Bis jetzt wurde noch keine gemeinsame Ma\u00dfnahme umgesetzt, aber es bleibt ein vielversprechende Perspektive.<br \/>\nDa die Gespr\u00e4che \u00fcber die Zusammenarbeit mit den beiden Schulen nur vor Ort sinnvoll gef\u00fchrt werden k\u00f6nnen, soll auch hier die Fahrt im Sommer 2015 abgewartet werden, um danach auf der Grundlage der gewonnenen Einsch\u00e4tzungen eine Entscheidung \u00fcber evt. Umwidmungen zu f\u00e4llen.<\/p>\n<h2>Vereins- und \u00d6ffentlichkeitsarbeit in Deutschland<\/h2>\n<p>Die interne Arbeit des Vereins fand in zwei Mitgliederversammlungen (M\u00e4rz und November) und in einer Reihe von kleineren Vereinstreffen bzw. Vorstandssitzungen statt. Die Aufwendun\u00adgen f\u00fcr Vereinspost, Internetseiten, Dankeskarten an Spender u.\u00e4. lagen mit insgesamt 270\u20ac wieder sehr deutlich unter den eingenommenen Mitgliedsbeitr\u00e4gen.<br \/>\nZwei Veranstaltungen von GN dienten der Begegnung untereinander und mit anderen Men\u00adschen, die den Anliegen des Vereins nahe stehen oder sich daf\u00fcr interessieren: der Thementag \u201eDie Situation von Kindern aus Romafamilien\u201c am 1.November in Overath und das Begegnungswochenende in Euskirchen-Kirchheim am ersten Adventswochenende mit einem Besuch des Freilichtmuseums Kommern. Beide Veranstaltungen wurden durch Teilnehmerbeitr\u00e4ge finanziert.<br \/>\nDas gro\u00dfe Engagement von Mitgliedern insbesondere in der Kirchengemeinde Hoffnungs\u00adthal\/ Forsbach, in der Viktoriaschule und im Einhard-Gymnasium Aachen sowie in diesem Jahr auch beim Weltmeisterschaftstippspiel erm\u00f6glichte es, viele Jugendliche in den Einsatz f\u00fcr die Menschen in Brasilien einzubeziehen und die Unterst\u00fct\u00adzung zahlreicher Spender zu gewinnen.<\/p>\n<p>Der Vorstand<\/p>\n<p>im Original gez. Maria B\u00fcscher, Vorsitzende\u00a0\u00a0 \u00a0\u00a0\u00a0 \u00a0\u00a0\u00a0 \u00a0\u00a0\u00a0\u00a0\u00a0\u00a0\u00a0\u00a0\u00a0 Overath, 14. Februar 2015<\/p>\n","protected":false},"excerpt":{"rendered":"<p>Jahresbericht 2014 des Vorstandes von Globale Nachbarschaft e.V. Die Gesch\u00e4fte des Vereins f\u00fchrte der Vorstand, bestehend aus Maria B\u00fcscher (Vorsitzen\u00adde), Rolf Segadlo (stellvertretender Vorsitzender) und Frauke Kl\u00f6ser (Kassenf\u00fchrerin). Zu diesem <a class=\"more-link\" href=\"https:\/\/globalenachbarn.org\/?p=991\">Weiter lesen \u2192<\/a><\/p>\n","protected":false},"author":5,"featured_media":0,"comment_status":"closed","ping_status":"open","sticky":false,"template":"","format":"standard","meta":{"footnotes":""},"categories":[2,75],"tags":[],"class_list":["post-991","post","type-post","status-publish","format-standard","hentry","category-verein","category-vereinschronik"],"_links":{"self":[{"href":"https:\/\/globalenachbarn.org\/index.php?rest_route=\/wp\/v2\/posts\/991","targetHints":{"allow":["GET"]}}],"collection":[{"href":"https:\/\/globalenachbarn.org\/index.php?rest_route=\/wp\/v2\/posts"}],"about":[{"href":"https:\/\/globalenachbarn.org\/index.php?rest_route=\/wp\/v2\/types\/post"}],"author":[{"embeddable":true,"href":"https:\/\/globalenachbarn.org\/index.php?rest_route=\/wp\/v2\/users\/5"}],"replies":[{"embeddable":true,"href":"https:\/\/globalenachbarn.org\/index.php?rest_route=%2Fwp%2Fv2%2Fcomments&post=991"}],"version-history":[{"count":3,"href":"https:\/\/globalenachbarn.org\/index.php?rest_route=\/wp\/v2\/posts\/991\/revisions"}],"predecessor-version":[{"id":1110,"href":"https:\/\/globalenachbarn.org\/index.php?rest_route=\/wp\/v2\/posts\/991\/revisions\/1110"}],"wp:attachment":[{"href":"https:\/\/globalenachbarn.org\/index.php?rest_route=%2Fwp%2Fv2%2Fmedia&parent=991"}],"wp:term":[{"taxonomy":"category","embeddable":true,"href":"https:\/\/globalenachbarn.org\/index.php?rest_route=%2Fwp%2Fv2%2Fcategories&post=991"},{"taxonomy":"post_tag","embeddable":true,"href":"https:\/\/globalenachbarn.org\/index.php?rest_route=%2Fwp%2Fv2%2Ftags&post=991"}],"curies":[{"name":"wp","href":"https:\/\/api.w.org\/{rel}","templated":true}]}}